{"id":93884,"date":"2025-03-05T13:19:27","date_gmt":"2025-03-05T13:19:27","guid":{"rendered":"https:\/\/estado29.mx\/?p=93884"},"modified":"2025-03-05T13:19:27","modified_gmt":"2025-03-05T13:19:27","slug":"concluyen-actividades-del-aniversario-50-de-la-escuela-gabriela-mistral-en-huamantla","status":"publish","type":"post","link":"https:\/\/estado29.mx\/?p=93884","title":{"rendered":"Concluyen actividades del aniversario 50 de la escuela Gabriela Mistral en Huamantla."},"content":{"rendered":"\n<p>Paco Ugarte.<\/p>\n\n\n\n<p>Emilio Luis P\u00e9rez Dom\u00ednguez director de la Escuela Primaria Gabriela Mistral, en una ceremonia c\u00edvica que se realiz\u00f3 en las instalaciones del plantel agradeci\u00f3 y reconoci\u00f3 el trabajo de los trabajadores que durante muchos a\u00f1os han dejado su vida al servicio de la comunidad educativa.<\/p>\n\n\n\n<p>Agradeci\u00f3 a docentes, personal administrativo y de mantenimiento, la pasi\u00f3n que ponen todos los d\u00edas y con ello lograr que los frutos se hayan convertido en 50 a\u00f1os.<\/p>\n\n\n\n<p>Durante la ceremonia en donde participaron autoridades estatales, municipales y educativas, se concluy\u00f3 con broche de oro las actividades que enmarcaron los festejos a este 50 aniversario.<\/p>\n\n\n\n<p>Tambi\u00e9n agradecieron a los alumnos y padres de familia que han formado parte de la instituci\u00f3n, quienes despu\u00e9s de pasar a ser educandos ahora son quienes llevan a los nuevos aprendices.<\/p>\n\n\n\n<p>En este evento se realiz\u00f3 la debelaci\u00f3n de una placa conmemorativa al aniversario 50 de la escuela Gabriela Mistral que fue donada por el Presidente Municipal de Huamantla, Salvador Santos Cedillo.<\/p>\n","protected":false},"excerpt":{"rendered":"<p>Paco Ugarte. Emilio Luis P\u00e9rez Dom\u00ednguez director de la Escuela Primaria Gabriela Mistral, en una ceremonia c\u00edvica que se realiz\u00f3 en las instalaciones del plantel agradeci\u00f3 y reconoci\u00f3 el trabajo de los trabajadores que durante muchos a\u00f1os han dejado su vida al servicio de la comunidad educativa. Agradeci\u00f3 a docentes, personal administrativo y de mantenimiento, [&hellip;]<\/p>\n","protected":false},"author":5,"featured_media":93885,"comment_status":"open","ping_status":"open","sticky":false,"template":"","format":"standard","meta":{"om_disable_all_campaigns":false,"_monsterinsights_skip_tracking":false,"_monsterinsights_sitenote_active":false,"_monsterinsights_sitenote_note":"","_monsterinsights_sitenote_category":0,"jnews-multi-image_gallery":[],"jnews_single_post":{"format":"standard"},"jnews_primary_category":[],"footnotes":""},"categories":[1],"tags":[],"class_list":["post-93884","post","type-post","status-publish","format-standard","has-post-thumbnail","hentry","category-uncategorized"],"aioseo_notices":[],"_links":{"self":[{"href":"https:\/\/estado29.mx\/index.php?rest_route=\/wp\/v2\/posts\/93884","targetHints":{"allow":["GET"]}}],"collection":[{"href":"https:\/\/estado29.mx\/index.php?rest_route=\/wp\/v2\/posts"}],"about":[{"href":"https:\/\/estado29.mx\/index.php?rest_route=\/wp\/v2\/types\/post"}],"author":[{"embeddable":true,"href":"https:\/\/estado29.mx\/index.php?rest_route=\/wp\/v2\/users\/5"}],"replies":[{"embeddable":true,"href":"https:\/\/estado29.mx\/index.php?rest_route=%2Fwp%2Fv2%2Fcomments&post=93884"}],"version-history":[{"count":1,"href":"https:\/\/estado29.mx\/index.php?rest_route=\/wp\/v2\/posts\/93884\/revisions"}],"predecessor-version":[{"id":93886,"href":"https:\/\/estado29.mx\/index.php?rest_route=\/wp\/v2\/posts\/93884\/revisions\/93886"}],"wp:featuredmedia":[{"embeddable":true,"href":"https:\/\/estado29.mx\/index.php?rest_route=\/wp\/v2\/media\/93885"}],"wp:attachment":[{"href":"https:\/\/estado29.mx\/index.php?rest_route=%2Fwp%2Fv2%2Fmedia&parent=93884"}],"wp:term":[{"taxonomy":"category","embeddable":true,"href":"https:\/\/estado29.mx\/index.php?rest_route=%2Fwp%2Fv2%2Fcategories&post=93884"},{"taxonomy":"post_tag","embeddable":true,"href":"https:\/\/estado29.mx\/index.php?rest_route=%2Fwp%2Fv2%2Ftags&post=93884"}],"curies":[{"name":"wp","href":"https:\/\/api.w.org\/{rel}","templated":true}]}}