{"id":93892,"date":"2025-03-05T13:37:13","date_gmt":"2025-03-05T13:37:13","guid":{"rendered":"https:\/\/estado29.mx\/?p=93892"},"modified":"2025-03-05T13:37:14","modified_gmt":"2025-03-05T13:37:14","slug":"universidad-intercultural-de-tlaxcala-lanza-convocatoria-de-admision-2025","status":"publish","type":"post","link":"https:\/\/estado29.mx\/?p=93892","title":{"rendered":"Universidad intercultural de Tlaxcala lanza convocatoria de admisi\u00f3n 2025"},"content":{"rendered":"\n<p>_*Ofrece las licenciaturas en Agroecolog\u00eda y Gesti\u00f3n Comunitaria del Territorio, y en Cocina Tradicional y Nutrici\u00f3n Comunitaria.<\/p>\n\n\n\n<p>Autoridades de la Universidad Intercultural de Tlaxcala (UIT), de la Secretar\u00eda de Educaci\u00f3n P\u00fablica del Estado y de la Unidad de Servicios Educativos del Estado de Tlaxcala (SEPE-USET), presentaron la convocatoria de admisi\u00f3n 2025, dirigida a quienes deseen formar parte de un proyecto de educaci\u00f3n superior inclusivo.<\/p>\n\n\n\n<p>El registro en l\u00ednea se lleva a cabo del 03 de marzo al 18 de mayo de 2025 en la p\u00e1gina oficial: https:\/\/uit.edu.mx\/registro.<\/p>\n\n\n\n<p>La invitaci\u00f3n est\u00e1 abierta a pueblos originarios, comunidades equiparables, poblaci\u00f3n afrodescendiente y la sociedad en general, sin distinci\u00f3n de edad, credo o lengua, siempre que hayan concluido o est\u00e9n por concluir sus estudios de educaci\u00f3n media superior en cualquier modalidad.<\/p>\n\n\n\n<p>El director de Evaluaci\u00f3n Educativa de SEPE-USET, Raciel S\u00e1nchez Rinc\u00f3n, destac\u00f3 el esfuerzo de la gobernadora Lorena Cu\u00e9llar Cisneros por ofrecer licenciaturas de calidad a los j\u00f3venes de la entidad.<\/p>\n\n\n\n<p>Actualmente, la UIT cuenta con una matr\u00edcula de 112 estudiantes y 12 docentes.<\/p>\n\n\n\n<p>En su intervenci\u00f3n, el coordinador general de la UIT, Ulises Amaro P\u00e9rez, y el coordinador acad\u00e9mico, Francisco Castro P\u00e9rez, invitaron a la poblaci\u00f3n a integrarse a esta casa de estudios, que ofrece dos programas educativos: Licenciatura en Agroecolog\u00eda y Gesti\u00f3n Comunitaria del Territorio, y la Licenciatura en Cocina Tradicional y Nutrici\u00f3n Comunitaria, a trav\u00e9s de un modelo pedag\u00f3gico innovador y pertinente.<\/p>\n\n\n\n<p>Finalmente, la alumna Nancy Vald\u00e9s Tlachi destac\u00f3 que la Universidad Intercultural de Tlaxcala es un espacio que fomenta el aprendizaje desde una perspectiva comunitaria e intercultural, permitiendo a las y los estudiantes fortalecer su identidad y desarrollar conocimientos con base en la realidad de sus comunidades.<\/p>\n\n\n\n<p>Las y los interesados en ingresar a la UIT deber\u00e1n presentar el examen diagn\u00f3stico el 13 de junio del a\u00f1o en curso a las 10:00 horas en las instalaciones de la instituci\u00f3n.<\/p>\n\n\n\n<p>La lista de aceptadas y aceptados se publicar\u00e1 el 7 de julio, y el inicio del curso de inducci\u00f3n se har\u00e1 del 18 al 22 de agosto, en un horario de 10:00 a 13:00 horas. El inicio de clases ser\u00e1 el pr\u00f3ximo 25 de agosto.<\/p>\n","protected":false},"excerpt":{"rendered":"<p>_*Ofrece las licenciaturas en Agroecolog\u00eda y Gesti\u00f3n Comunitaria del Territorio, y en Cocina Tradicional y Nutrici\u00f3n Comunitaria. Autoridades de la Universidad Intercultural de Tlaxcala (UIT), de la Secretar\u00eda de Educaci\u00f3n P\u00fablica del Estado y de la Unidad de Servicios Educativos del Estado de Tlaxcala (SEPE-USET), presentaron la convocatoria de admisi\u00f3n 2025, dirigida a quienes deseen [&hellip;]<\/p>\n","protected":false},"author":4,"featured_media":93893,"comment_status":"open","ping_status":"open","sticky":false,"template":"","format":"standard","meta":{"om_disable_all_campaigns":false,"_monsterinsights_skip_tracking":false,"_monsterinsights_sitenote_active":false,"_monsterinsights_sitenote_note":"","_monsterinsights_sitenote_category":0,"jnews-multi-image_gallery":[],"jnews_single_post":{"format":"standard"},"jnews_primary_category":[],"footnotes":""},"categories":[1],"tags":[],"class_list":["post-93892","post","type-post","status-publish","format-standard","has-post-thumbnail","hentry","category-uncategorized"],"aioseo_notices":[],"_links":{"self":[{"href":"https:\/\/estado29.mx\/index.php?rest_route=\/wp\/v2\/posts\/93892","targetHints":{"allow":["GET"]}}],"collection":[{"href":"https:\/\/estado29.mx\/index.php?rest_route=\/wp\/v2\/posts"}],"about":[{"href":"https:\/\/estado29.mx\/index.php?rest_route=\/wp\/v2\/types\/post"}],"author":[{"embeddable":true,"href":"https:\/\/estado29.mx\/index.php?rest_route=\/wp\/v2\/users\/4"}],"replies":[{"embeddable":true,"href":"https:\/\/estado29.mx\/index.php?rest_route=%2Fwp%2Fv2%2Fcomments&post=93892"}],"version-history":[{"count":1,"href":"https:\/\/estado29.mx\/index.php?rest_route=\/wp\/v2\/posts\/93892\/revisions"}],"predecessor-version":[{"id":93894,"href":"https:\/\/estado29.mx\/index.php?rest_route=\/wp\/v2\/posts\/93892\/revisions\/93894"}],"wp:featuredmedia":[{"embeddable":true,"href":"https:\/\/estado29.mx\/index.php?rest_route=\/wp\/v2\/media\/93893"}],"wp:attachment":[{"href":"https:\/\/estado29.mx\/index.php?rest_route=%2Fwp%2Fv2%2Fmedia&parent=93892"}],"wp:term":[{"taxonomy":"category","embeddable":true,"href":"https:\/\/estado29.mx\/index.php?rest_route=%2Fwp%2Fv2%2Fcategories&post=93892"},{"taxonomy":"post_tag","embeddable":true,"href":"https:\/\/estado29.mx\/index.php?rest_route=%2Fwp%2Fv2%2Ftags&post=93892"}],"curies":[{"name":"wp","href":"https:\/\/api.w.org\/{rel}","templated":true}]}}