{"id":93895,"date":"2025-03-05T13:47:23","date_gmt":"2025-03-05T13:47:23","guid":{"rendered":"https:\/\/estado29.mx\/?p=93895"},"modified":"2025-03-05T13:47:24","modified_gmt":"2025-03-05T13:47:24","slug":"lanza-sedeco-campana-de-precio-diferencial-para-registro-de-marca","status":"publish","type":"post","link":"https:\/\/estado29.mx\/?p=93895","title":{"rendered":"Lanza SEDECO campa\u00f1a de precio diferencial para registro de marca"},"content":{"rendered":"\n<p>*Mujeres, j\u00f3venes, adultos mayores y personas con discapacidad recibir\u00e1n el 90% de descuento<\/p>\n\n\n\n<p>La Secretar\u00eda de Desarrollo Econ\u00f3mico (Sedeco), en colaboraci\u00f3n con el Instituto Mexicano de la Propiedad Industrial (IMPI), public\u00f3 una convocatoria dirigida a j\u00f3venes, adultos mayores, mujeres jefas de familia y personas con discapacidad, para acceder a un 90 por ciento de descuento en el registro de la marca de sus producto o servicios.<\/p>\n\n\n\n<p>Lo anterior, como parte de las acciones que el gobierno del estado emprende para apoyar a estos sectores en Tlaxcala.<\/p>\n\n\n\n<p>Las y los emprendedores de 18 a 29 a\u00f1os que no cuentan con un ingreso constante, adultos de 60 a\u00f1os en adelante, personas con alguna discapacidad, as\u00ed como las mujeres jefas de familia y amas de casa, ser\u00e1n apoyados a trav\u00e9s de esta campa\u00f1a, lo que les permitir\u00e1 pagar solamente 312.64 pesos, de una tarifa regular de 3,626.42 pesos.<\/p>\n\n\n\n<p>Con este registro, se otorga el derecho al uso exclusivo de la marca en el territorio nacional por 10 a\u00f1os, lo que distingue los productos o servicios de otros existentes en el mercado.<\/p>\n\n\n\n<p>Adem\u00e1s, ayuda a iniciar acciones legales por posible mal uso de la marca registrada y facilita el otorgar licencias de uso o franquicias.<\/p>\n\n\n\n<p>La campa\u00f1a estar\u00e1 vigente hasta el 20 de marzo del presente a\u00f1o.<\/p>\n\n\n\n<p>Los interesados en el descuento deber\u00e1n presentar en las oficinas de la Sedeco los siguientes requisitos: credencial de elector (INE), Clave \u00danica de Registro de Poblaci\u00f3n (CURP), dos fotograf\u00edas, comprobante de domicilio y constancia de situaci\u00f3n fiscal reciente.<\/p>\n\n\n\n<p>La Sedeco indic\u00f3 que existen magn\u00edficos productos hechos por mujeres, j\u00f3venes, personas con discapacidad y adultos mayores que necesitan del apoyo de programas de este tipo.<\/p>\n\n\n\n<p>Por ello, y por indicaciones de la gobernadora Lorena Cu\u00e9llar Cisneros, se ofrece este respaldo institucional que, hasta el momento, se traduce en mil 500 subsidios del 50 al 90 por ciento en diversas campa\u00f1as de apoyo.<\/p>\n","protected":false},"excerpt":{"rendered":"<p>*Mujeres, j\u00f3venes, adultos mayores y personas con discapacidad recibir\u00e1n el 90% de descuento La Secretar\u00eda de Desarrollo Econ\u00f3mico (Sedeco), en colaboraci\u00f3n con el Instituto Mexicano de la Propiedad Industrial (IMPI), public\u00f3 una convocatoria dirigida a j\u00f3venes, adultos mayores, mujeres jefas de familia y personas con discapacidad, para acceder a un 90 por ciento de descuento [&hellip;]<\/p>\n","protected":false},"author":4,"featured_media":93896,"comment_status":"open","ping_status":"open","sticky":false,"template":"","format":"standard","meta":{"om_disable_all_campaigns":false,"_monsterinsights_skip_tracking":false,"_monsterinsights_sitenote_active":false,"_monsterinsights_sitenote_note":"","_monsterinsights_sitenote_category":0,"jnews-multi-image_gallery":[],"jnews_single_post":{"format":"standard"},"jnews_primary_category":[],"footnotes":""},"categories":[1],"tags":[],"class_list":["post-93895","post","type-post","status-publish","format-standard","has-post-thumbnail","hentry","category-uncategorized"],"aioseo_notices":[],"_links":{"self":[{"href":"https:\/\/estado29.mx\/index.php?rest_route=\/wp\/v2\/posts\/93895","targetHints":{"allow":["GET"]}}],"collection":[{"href":"https:\/\/estado29.mx\/index.php?rest_route=\/wp\/v2\/posts"}],"about":[{"href":"https:\/\/estado29.mx\/index.php?rest_route=\/wp\/v2\/types\/post"}],"author":[{"embeddable":true,"href":"https:\/\/estado29.mx\/index.php?rest_route=\/wp\/v2\/users\/4"}],"replies":[{"embeddable":true,"href":"https:\/\/estado29.mx\/index.php?rest_route=%2Fwp%2Fv2%2Fcomments&post=93895"}],"version-history":[{"count":1,"href":"https:\/\/estado29.mx\/index.php?rest_route=\/wp\/v2\/posts\/93895\/revisions"}],"predecessor-version":[{"id":93897,"href":"https:\/\/estado29.mx\/index.php?rest_route=\/wp\/v2\/posts\/93895\/revisions\/93897"}],"wp:featuredmedia":[{"embeddable":true,"href":"https:\/\/estado29.mx\/index.php?rest_route=\/wp\/v2\/media\/93896"}],"wp:attachment":[{"href":"https:\/\/estado29.mx\/index.php?rest_route=%2Fwp%2Fv2%2Fmedia&parent=93895"}],"wp:term":[{"taxonomy":"category","embeddable":true,"href":"https:\/\/estado29.mx\/index.php?rest_route=%2Fwp%2Fv2%2Fcategories&post=93895"},{"taxonomy":"post_tag","embeddable":true,"href":"https:\/\/estado29.mx\/index.php?rest_route=%2Fwp%2Fv2%2Ftags&post=93895"}],"curies":[{"name":"wp","href":"https:\/\/api.w.org\/{rel}","templated":true}]}}