{"id":93898,"date":"2025-03-05T14:00:13","date_gmt":"2025-03-05T14:00:13","guid":{"rendered":"https:\/\/estado29.mx\/?p=93898"},"modified":"2025-03-05T14:00:14","modified_gmt":"2025-03-05T14:00:14","slug":"se-reune-gobernadora-lorena-cuellar-con-titulares-del-imss-e-issste-en-la-ciudad-de-mexico","status":"publish","type":"post","link":"https:\/\/estado29.mx\/?p=93898","title":{"rendered":"Se re\u00fane Gobernadora Lorena Cu\u00e9llar con titulares del IMSS e ISSSTE en la ciudad de M\u00e9xico."},"content":{"rendered":"\n<p>*Refrendaron su compromiso de trabajar de manera coordinada para mejorar los servicios de salud en Tlaxcala<\/p>\n\n\n\n<p>La gobernadora Lorena Cu\u00e9llar Cisneros se reuni\u00f3 con los titulares del Instituto Mexicano del Seguro Social (IMSS), Zo\u00e9 Robledo Aburto, y del Instituto de Seguridad y Servicios Sociales de los Trabajadores del Estado (ISSSTE), Mart\u00ed Batres Guadarrama, para fortalecer estrategias de salud con ambas instituciones.<\/p>\n\n\n\n<p>La mandataria fue recibida por Robledo Aburto, acompa\u00f1ada de Andr\u00e9s Mart\u00ednez, presidente de la fundaci\u00f3n \u201cDr. Sonrisas\u201d, en las oficinas centrales en Ciudad de M\u00e9xico para desarrollar una estrategia entre el gobierno estatal y federal que beneficien la salud y el bienestar de los tlaxcaltecas.<\/p>\n\n\n\n<p>Durante el encuentro, la mandataria agradeci\u00f3 a Zo\u00e9 Robledo la oportunidad de colaborar de manera conjunta para lograr nuevos proyectos que, sin duda, contribuir\u00e1n para el fortalecimiento del IMSS en Tlaxcala.<\/p>\n\n\n\n<p>M\u00e1s tarde, la mandataria estatal continu\u00f3 con su agenda de trabajo en la CDMX y se reuni\u00f3 con el director general del Instituto de Seguridad y Servicios Sociales de los Trabajadores del Estado (ISSSTE); ambos refrendaron su compromiso de trabajo conjunto para mejorar los servicios de salud en la entidad.<\/p>\n\n\n\n<p>Estas reuniones forman parte de los esfuerzos del gobierno estatal para fortalecer la colaboraci\u00f3n entre los gobiernos estatal y federal en materia de salud.<\/p>\n","protected":false},"excerpt":{"rendered":"<p>*Refrendaron su compromiso de trabajar de manera coordinada para mejorar los servicios de salud en Tlaxcala La gobernadora Lorena Cu\u00e9llar Cisneros se reuni\u00f3 con los titulares del Instituto Mexicano del Seguro Social (IMSS), Zo\u00e9 Robledo Aburto, y del Instituto de Seguridad y Servicios Sociales de los Trabajadores del Estado (ISSSTE), Mart\u00ed Batres Guadarrama, para fortalecer [&hellip;]<\/p>\n","protected":false},"author":4,"featured_media":93899,"comment_status":"open","ping_status":"open","sticky":false,"template":"","format":"standard","meta":{"om_disable_all_campaigns":false,"_monsterinsights_skip_tracking":false,"_monsterinsights_sitenote_active":false,"_monsterinsights_sitenote_note":"","_monsterinsights_sitenote_category":0,"jnews-multi-image_gallery":[],"jnews_single_post":{"format":"standard"},"jnews_primary_category":[],"footnotes":""},"categories":[1],"tags":[],"class_list":["post-93898","post","type-post","status-publish","format-standard","has-post-thumbnail","hentry","category-uncategorized"],"aioseo_notices":[],"_links":{"self":[{"href":"https:\/\/estado29.mx\/index.php?rest_route=\/wp\/v2\/posts\/93898","targetHints":{"allow":["GET"]}}],"collection":[{"href":"https:\/\/estado29.mx\/index.php?rest_route=\/wp\/v2\/posts"}],"about":[{"href":"https:\/\/estado29.mx\/index.php?rest_route=\/wp\/v2\/types\/post"}],"author":[{"embeddable":true,"href":"https:\/\/estado29.mx\/index.php?rest_route=\/wp\/v2\/users\/4"}],"replies":[{"embeddable":true,"href":"https:\/\/estado29.mx\/index.php?rest_route=%2Fwp%2Fv2%2Fcomments&post=93898"}],"version-history":[{"count":1,"href":"https:\/\/estado29.mx\/index.php?rest_route=\/wp\/v2\/posts\/93898\/revisions"}],"predecessor-version":[{"id":93900,"href":"https:\/\/estado29.mx\/index.php?rest_route=\/wp\/v2\/posts\/93898\/revisions\/93900"}],"wp:featuredmedia":[{"embeddable":true,"href":"https:\/\/estado29.mx\/index.php?rest_route=\/wp\/v2\/media\/93899"}],"wp:attachment":[{"href":"https:\/\/estado29.mx\/index.php?rest_route=%2Fwp%2Fv2%2Fmedia&parent=93898"}],"wp:term":[{"taxonomy":"category","embeddable":true,"href":"https:\/\/estado29.mx\/index.php?rest_route=%2Fwp%2Fv2%2Fcategories&post=93898"},{"taxonomy":"post_tag","embeddable":true,"href":"https:\/\/estado29.mx\/index.php?rest_route=%2Fwp%2Fv2%2Ftags&post=93898"}],"curies":[{"name":"wp","href":"https:\/\/api.w.org\/{rel}","templated":true}]}}