{"id":93918,"date":"2025-03-06T13:27:47","date_gmt":"2025-03-06T13:27:47","guid":{"rendered":"https:\/\/estado29.mx\/?p=93918"},"modified":"2025-03-06T15:26:52","modified_gmt":"2025-03-06T15:26:52","slug":"roban-vehiculo-en-calles-centricas-de-huamantla","status":"publish","type":"post","link":"https:\/\/estado29.mx\/?p=93918","title":{"rendered":"Reportan veh\u00edculo robado y estaba estacionado en plaza comercial en Huamantla."},"content":{"rendered":"\n<p>Paco Ugarte.<\/p>\n\n\n\n<p>Ayer por la tarde a trav\u00e9s del 911 fue reportado por el propietario el robo de un veh\u00edculo particular sobre la calle Aldama, entre Allende y Nicol\u00e1s Bravo en el municipio de Huamantla.<\/p>\n\n\n\n<p>Se trata de una camioneta Volkswagen Crossfox color gris con placas de circulaci\u00f3n NKC2774 del estado de Tlaxcala.<\/p>\n\n\n\n<p>Sin embargo, esta ma\u00f1ana autoridades de Huamantla, confirmaron que se trata de un hecho falso, pues no se encontraba estacionado en la avenida antes mencionada, sino en una plaza comercial, a unas cuadradas de la ubicaci\u00f3n referida.<\/p>\n\n\n\n<p>Es importante se\u00f1alar que la unidad contaba con chip repuve, por lo que no se descarta haya ayudado a las autoridad para dar con el paradero.<\/p>\n","protected":false},"excerpt":{"rendered":"<p>Paco Ugarte. Ayer por la tarde a trav\u00e9s del 911 fue reportado por el propietario el robo de un veh\u00edculo particular sobre la calle Aldama, entre Allende y Nicol\u00e1s Bravo en el municipio de Huamantla. Se trata de una camioneta Volkswagen Crossfox color gris con placas de circulaci\u00f3n NKC2774 del estado de Tlaxcala. Sin embargo, [&hellip;]<\/p>\n","protected":false},"author":5,"featured_media":93921,"comment_status":"open","ping_status":"open","sticky":false,"template":"","format":"standard","meta":{"om_disable_all_campaigns":false,"_monsterinsights_skip_tracking":false,"_monsterinsights_sitenote_active":false,"_monsterinsights_sitenote_note":"","_monsterinsights_sitenote_category":0,"jnews-multi-image_gallery":[],"jnews_single_post":{"format":"standard"},"jnews_primary_category":[],"footnotes":""},"categories":[1],"tags":[],"class_list":["post-93918","post","type-post","status-publish","format-standard","has-post-thumbnail","hentry","category-uncategorized"],"aioseo_notices":[],"_links":{"self":[{"href":"https:\/\/estado29.mx\/index.php?rest_route=\/wp\/v2\/posts\/93918","targetHints":{"allow":["GET"]}}],"collection":[{"href":"https:\/\/estado29.mx\/index.php?rest_route=\/wp\/v2\/posts"}],"about":[{"href":"https:\/\/estado29.mx\/index.php?rest_route=\/wp\/v2\/types\/post"}],"author":[{"embeddable":true,"href":"https:\/\/estado29.mx\/index.php?rest_route=\/wp\/v2\/users\/5"}],"replies":[{"embeddable":true,"href":"https:\/\/estado29.mx\/index.php?rest_route=%2Fwp%2Fv2%2Fcomments&post=93918"}],"version-history":[{"count":2,"href":"https:\/\/estado29.mx\/index.php?rest_route=\/wp\/v2\/posts\/93918\/revisions"}],"predecessor-version":[{"id":93928,"href":"https:\/\/estado29.mx\/index.php?rest_route=\/wp\/v2\/posts\/93918\/revisions\/93928"}],"wp:featuredmedia":[{"embeddable":true,"href":"https:\/\/estado29.mx\/index.php?rest_route=\/wp\/v2\/media\/93921"}],"wp:attachment":[{"href":"https:\/\/estado29.mx\/index.php?rest_route=%2Fwp%2Fv2%2Fmedia&parent=93918"}],"wp:term":[{"taxonomy":"category","embeddable":true,"href":"https:\/\/estado29.mx\/index.php?rest_route=%2Fwp%2Fv2%2Fcategories&post=93918"},{"taxonomy":"post_tag","embeddable":true,"href":"https:\/\/estado29.mx\/index.php?rest_route=%2Fwp%2Fv2%2Ftags&post=93918"}],"curies":[{"name":"wp","href":"https:\/\/api.w.org\/{rel}","templated":true}]}}