{"id":93931,"date":"2025-03-06T19:35:29","date_gmt":"2025-03-06T19:35:29","guid":{"rendered":"https:\/\/estado29.mx\/?p=93931"},"modified":"2025-03-06T19:35:29","modified_gmt":"2025-03-06T19:35:29","slug":"ixtenco-refuerza-la-seguridad-vial-con-nueva-senalizacion-urbana","status":"publish","type":"post","link":"https:\/\/estado29.mx\/?p=93931","title":{"rendered":"Ixtenco refuerza la seguridad vial con nueva se\u00f1alizaci\u00f3n urbana."},"content":{"rendered":"\n<p><\/p>\n\n\n\n<p>Con el objetivo de mejorar la movilidad y garantizar la seguridad de los ciudadanos, el Gobierno Municipal de Ixtenco, encabezado por la presidenta municipal Aline Lazo Caballero, ha llevado a cabo la instalaci\u00f3n de nueva se\u00f1alizaci\u00f3n vial y urbana en distintos puntos del municipio.<\/p>\n\n\n\n<figure class=\"wp-block-image size-large\"><img loading=\"lazy\" decoding=\"async\" width=\"1024\" height=\"768\" src=\"https:\/\/estado29.mx\/wp-content\/uploads\/2025\/03\/IMG-20250303-WA0002-1024x768.jpg\" alt=\"\" class=\"wp-image-93933\" srcset=\"https:\/\/estado29.mx\/wp-content\/uploads\/2025\/03\/IMG-20250303-WA0002-1024x768.jpg 1024w, https:\/\/estado29.mx\/wp-content\/uploads\/2025\/03\/IMG-20250303-WA0002-300x225.jpg 300w, https:\/\/estado29.mx\/wp-content\/uploads\/2025\/03\/IMG-20250303-WA0002-768x576.jpg 768w, https:\/\/estado29.mx\/wp-content\/uploads\/2025\/03\/IMG-20250303-WA0002-750x563.jpg 750w, https:\/\/estado29.mx\/wp-content\/uploads\/2025\/03\/IMG-20250303-WA0002-1140x855.jpg 1140w, https:\/\/estado29.mx\/wp-content\/uploads\/2025\/03\/IMG-20250303-WA0002.jpg 1280w\" sizes=\"auto, (max-width: 1024px) 100vw, 1024px\" \/><\/figure>\n\n\n\n<p>En estas acciones particip\u00f3 activamente la Direcci\u00f3n de Seguridad P\u00fablica, bajo el liderazgo del Director de la Polic\u00eda, Alejandro Reyes Soto, quien supervis\u00f3 la colocaci\u00f3n de se\u00f1al\u00e9ticas en paradas, topes y zonas de no estacionar, con el fin de fomentar el orden y el respeto al Reglamento de Tr\u00e1nsito y Vialidad.<\/p>\n\n\n\n<figure class=\"wp-block-image size-large\"><img loading=\"lazy\" decoding=\"async\" width=\"1024\" height=\"768\" src=\"https:\/\/estado29.mx\/wp-content\/uploads\/2025\/03\/IMG-20250303-WA0003-1024x768.jpg\" alt=\"\" class=\"wp-image-93934\" srcset=\"https:\/\/estado29.mx\/wp-content\/uploads\/2025\/03\/IMG-20250303-WA0003-1024x768.jpg 1024w, https:\/\/estado29.mx\/wp-content\/uploads\/2025\/03\/IMG-20250303-WA0003-300x225.jpg 300w, https:\/\/estado29.mx\/wp-content\/uploads\/2025\/03\/IMG-20250303-WA0003-768x576.jpg 768w, https:\/\/estado29.mx\/wp-content\/uploads\/2025\/03\/IMG-20250303-WA0003-750x563.jpg 750w, https:\/\/estado29.mx\/wp-content\/uploads\/2025\/03\/IMG-20250303-WA0003-1140x855.jpg 1140w, https:\/\/estado29.mx\/wp-content\/uploads\/2025\/03\/IMG-20250303-WA0003.jpg 1280w\" sizes=\"auto, (max-width: 1024px) 100vw, 1024px\" \/><\/figure>\n\n\n\n<p>Por su parte, el Director de Protecci\u00f3n Civil, C\u00e9sar Omar Ord\u00f3\u00f1ez Moreno, coordin\u00f3 los trabajos de balizamiento en calles, avenidas y topes, permitiendo una mejor visibilidad para conductores y peatones, contribuyendo as\u00ed a la prevenci\u00f3n de accidentes.<\/p>\n\n\n\n<figure class=\"wp-block-image size-large\"><img loading=\"lazy\" decoding=\"async\" width=\"1024\" height=\"768\" src=\"https:\/\/estado29.mx\/wp-content\/uploads\/2025\/03\/IMG-20250303-WA0004-1024x768.jpg\" alt=\"\" class=\"wp-image-93935\" srcset=\"https:\/\/estado29.mx\/wp-content\/uploads\/2025\/03\/IMG-20250303-WA0004-1024x768.jpg 1024w, https:\/\/estado29.mx\/wp-content\/uploads\/2025\/03\/IMG-20250303-WA0004-300x225.jpg 300w, https:\/\/estado29.mx\/wp-content\/uploads\/2025\/03\/IMG-20250303-WA0004-768x576.jpg 768w, https:\/\/estado29.mx\/wp-content\/uploads\/2025\/03\/IMG-20250303-WA0004-750x563.jpg 750w, https:\/\/estado29.mx\/wp-content\/uploads\/2025\/03\/IMG-20250303-WA0004-1140x855.jpg 1140w, https:\/\/estado29.mx\/wp-content\/uploads\/2025\/03\/IMG-20250303-WA0004.jpg 1280w\" sizes=\"auto, (max-width: 1024px) 100vw, 1024px\" \/><\/figure>\n\n\n\n<p>La presidenta municipal Aline Lazo Caballero reafirm\u00f3 su compromiso de seguir impulsando acciones que favorezcan el bienestar de la ciudadan\u00eda, haciendo un llamado a los habitantes para respetar la nueva se\u00f1alizaci\u00f3n y consultar el Reglamento de Tr\u00e1nsito y Vialidad, disponible en la p\u00e1gina oficial del municipio: www.ixtenco.gob.mx<\/p>\n\n\n\n<figure class=\"wp-block-image size-large\"><img loading=\"lazy\" decoding=\"async\" width=\"1024\" height=\"768\" src=\"https:\/\/estado29.mx\/wp-content\/uploads\/2025\/03\/IMG-20250303-WA0001-1024x768.jpg\" alt=\"\" class=\"wp-image-93936\" srcset=\"https:\/\/estado29.mx\/wp-content\/uploads\/2025\/03\/IMG-20250303-WA0001-1024x768.jpg 1024w, https:\/\/estado29.mx\/wp-content\/uploads\/2025\/03\/IMG-20250303-WA0001-300x225.jpg 300w, https:\/\/estado29.mx\/wp-content\/uploads\/2025\/03\/IMG-20250303-WA0001-768x576.jpg 768w, https:\/\/estado29.mx\/wp-content\/uploads\/2025\/03\/IMG-20250303-WA0001-750x563.jpg 750w, https:\/\/estado29.mx\/wp-content\/uploads\/2025\/03\/IMG-20250303-WA0001-1140x855.jpg 1140w, https:\/\/estado29.mx\/wp-content\/uploads\/2025\/03\/IMG-20250303-WA0001.jpg 1280w\" sizes=\"auto, (max-width: 1024px) 100vw, 1024px\" \/><\/figure>\n\n\n\n<p>Estas mejoras forman parte de una estrategia integral para fortalecer la cultura vial y promover un municipio m\u00e1s ordenado y seguro.<\/p>\n\n\n<figure class=\"wp-block-post-featured-image\"><img loading=\"lazy\" decoding=\"async\" width=\"720\" height=\"1280\" src=\"https:\/\/estado29.mx\/wp-content\/uploads\/2025\/03\/IMG-20250303-WA0005.jpg\" class=\"attachment-post-thumbnail size-post-thumbnail wp-post-image\" alt=\"\" style=\"object-fit:cover;\" srcset=\"https:\/\/estado29.mx\/wp-content\/uploads\/2025\/03\/IMG-20250303-WA0005.jpg 720w, https:\/\/estado29.mx\/wp-content\/uploads\/2025\/03\/IMG-20250303-WA0005-169x300.jpg 169w, https:\/\/estado29.mx\/wp-content\/uploads\/2025\/03\/IMG-20250303-WA0005-576x1024.jpg 576w\" sizes=\"auto, (max-width: 720px) 100vw, 720px\" \/><\/figure>","protected":false},"excerpt":{"rendered":"<p>Con el objetivo de mejorar la movilidad y garantizar la seguridad de los ciudadanos, el Gobierno Municipal de Ixtenco, encabezado por la presidenta municipal Aline Lazo Caballero, ha llevado a cabo la instalaci\u00f3n de nueva se\u00f1alizaci\u00f3n vial y urbana en distintos puntos del municipio. En estas acciones particip\u00f3 activamente la Direcci\u00f3n de Seguridad P\u00fablica, bajo [&hellip;]<\/p>\n","protected":false},"author":7,"featured_media":93932,"comment_status":"open","ping_status":"open","sticky":false,"template":"","format":"standard","meta":{"om_disable_all_campaigns":false,"_monsterinsights_skip_tracking":false,"_monsterinsights_sitenote_active":false,"_monsterinsights_sitenote_note":"","_monsterinsights_sitenote_category":0,"jnews-multi-image_gallery":[],"jnews_single_post":{"format":"standard"},"jnews_primary_category":[],"footnotes":""},"categories":[1],"tags":[],"class_list":["post-93931","post","type-post","status-publish","format-standard","has-post-thumbnail","hentry","category-uncategorized"],"aioseo_notices":[],"_links":{"self":[{"href":"https:\/\/estado29.mx\/index.php?rest_route=\/wp\/v2\/posts\/93931","targetHints":{"allow":["GET"]}}],"collection":[{"href":"https:\/\/estado29.mx\/index.php?rest_route=\/wp\/v2\/posts"}],"about":[{"href":"https:\/\/estado29.mx\/index.php?rest_route=\/wp\/v2\/types\/post"}],"author":[{"embeddable":true,"href":"https:\/\/estado29.mx\/index.php?rest_route=\/wp\/v2\/users\/7"}],"replies":[{"embeddable":true,"href":"https:\/\/estado29.mx\/index.php?rest_route=%2Fwp%2Fv2%2Fcomments&post=93931"}],"version-history":[{"count":1,"href":"https:\/\/estado29.mx\/index.php?rest_route=\/wp\/v2\/posts\/93931\/revisions"}],"predecessor-version":[{"id":93937,"href":"https:\/\/estado29.mx\/index.php?rest_route=\/wp\/v2\/posts\/93931\/revisions\/93937"}],"wp:featuredmedia":[{"embeddable":true,"href":"https:\/\/estado29.mx\/index.php?rest_route=\/wp\/v2\/media\/93932"}],"wp:attachment":[{"href":"https:\/\/estado29.mx\/index.php?rest_route=%2Fwp%2Fv2%2Fmedia&parent=93931"}],"wp:term":[{"taxonomy":"category","embeddable":true,"href":"https:\/\/estado29.mx\/index.php?rest_route=%2Fwp%2Fv2%2Fcategories&post=93931"},{"taxonomy":"post_tag","embeddable":true,"href":"https:\/\/estado29.mx\/index.php?rest_route=%2Fwp%2Fv2%2Ftags&post=93931"}],"curies":[{"name":"wp","href":"https:\/\/api.w.org\/{rel}","templated":true}]}}