{"id":93938,"date":"2025-03-06T19:36:45","date_gmt":"2025-03-06T19:36:45","guid":{"rendered":"https:\/\/estado29.mx\/?p=93938"},"modified":"2025-03-06T19:36:45","modified_gmt":"2025-03-06T19:36:45","slug":"invita-centro-cultural-huamantla-a-su-taller-ballet-para-el-alma","status":"publish","type":"post","link":"https:\/\/estado29.mx\/?p=93938","title":{"rendered":"Invita Centro Cultural Huamantla a su Taller Ballet para el Alma."},"content":{"rendered":"\n<p><\/p>\n\n\n\n<p>El Centro Cultural Huamantla, hace extensa la invitaci\u00f3n a la ciudadan\u00eda que desee participar en el taller gratuito \u201cBallet para el Alma\u201d, que se llevar\u00e1 a cabo los d\u00edas 6 y 11 de Marzo, en un horario de cuatro a cinco treinta de la tarde.<\/p>\n\n\n\n<p><br>Este taller, ser\u00e1 impartido en las Instalaciones del Centro Cultural Huamantla, por Abi Herrera, quien hizo extensa la invitaci\u00f3n a las y los pobladores de Huamantla que deseen participar.<\/p>\n\n\n\n<p><br>A\u00f1adi\u00f3 que este taller ser\u00e1 gratuito, por lo que los interesados en participar, solo deber\u00e1n llevar ropa c\u00f3moda y una botella con agua para hidratarse.<\/p>\n\n\n<figure class=\"wp-block-post-featured-image\"><img loading=\"lazy\" decoding=\"async\" width=\"1076\" height=\"1514\" src=\"https:\/\/estado29.mx\/wp-content\/uploads\/2025\/03\/IMG-20250225-WA0033.jpg\" class=\"attachment-post-thumbnail size-post-thumbnail wp-post-image\" alt=\"\" style=\"object-fit:cover;\" srcset=\"https:\/\/estado29.mx\/wp-content\/uploads\/2025\/03\/IMG-20250225-WA0033.jpg 1076w, https:\/\/estado29.mx\/wp-content\/uploads\/2025\/03\/IMG-20250225-WA0033-213x300.jpg 213w, https:\/\/estado29.mx\/wp-content\/uploads\/2025\/03\/IMG-20250225-WA0033-728x1024.jpg 728w, https:\/\/estado29.mx\/wp-content\/uploads\/2025\/03\/IMG-20250225-WA0033-768x1081.jpg 768w, https:\/\/estado29.mx\/wp-content\/uploads\/2025\/03\/IMG-20250225-WA0033-750x1055.jpg 750w\" sizes=\"auto, (max-width: 1076px) 100vw, 1076px\" \/><\/figure>","protected":false},"excerpt":{"rendered":"<p>El Centro Cultural Huamantla, hace extensa la invitaci\u00f3n a la ciudadan\u00eda que desee participar en el taller gratuito \u201cBallet para el Alma\u201d, que se llevar\u00e1 a cabo los d\u00edas 6 y 11 de Marzo, en un horario de cuatro a cinco treinta de la tarde. Este taller, ser\u00e1 impartido en las Instalaciones del Centro Cultural [&hellip;]<\/p>\n","protected":false},"author":7,"featured_media":93939,"comment_status":"open","ping_status":"open","sticky":false,"template":"","format":"standard","meta":{"om_disable_all_campaigns":false,"_monsterinsights_skip_tracking":false,"_monsterinsights_sitenote_active":false,"_monsterinsights_sitenote_note":"","_monsterinsights_sitenote_category":0,"jnews-multi-image_gallery":[],"jnews_single_post":{"format":"standard"},"jnews_primary_category":[],"footnotes":""},"categories":[1],"tags":[],"class_list":["post-93938","post","type-post","status-publish","format-standard","has-post-thumbnail","hentry","category-uncategorized"],"aioseo_notices":[],"_links":{"self":[{"href":"https:\/\/estado29.mx\/index.php?rest_route=\/wp\/v2\/posts\/93938","targetHints":{"allow":["GET"]}}],"collection":[{"href":"https:\/\/estado29.mx\/index.php?rest_route=\/wp\/v2\/posts"}],"about":[{"href":"https:\/\/estado29.mx\/index.php?rest_route=\/wp\/v2\/types\/post"}],"author":[{"embeddable":true,"href":"https:\/\/estado29.mx\/index.php?rest_route=\/wp\/v2\/users\/7"}],"replies":[{"embeddable":true,"href":"https:\/\/estado29.mx\/index.php?rest_route=%2Fwp%2Fv2%2Fcomments&post=93938"}],"version-history":[{"count":1,"href":"https:\/\/estado29.mx\/index.php?rest_route=\/wp\/v2\/posts\/93938\/revisions"}],"predecessor-version":[{"id":93940,"href":"https:\/\/estado29.mx\/index.php?rest_route=\/wp\/v2\/posts\/93938\/revisions\/93940"}],"wp:featuredmedia":[{"embeddable":true,"href":"https:\/\/estado29.mx\/index.php?rest_route=\/wp\/v2\/media\/93939"}],"wp:attachment":[{"href":"https:\/\/estado29.mx\/index.php?rest_route=%2Fwp%2Fv2%2Fmedia&parent=93938"}],"wp:term":[{"taxonomy":"category","embeddable":true,"href":"https:\/\/estado29.mx\/index.php?rest_route=%2Fwp%2Fv2%2Fcategories&post=93938"},{"taxonomy":"post_tag","embeddable":true,"href":"https:\/\/estado29.mx\/index.php?rest_route=%2Fwp%2Fv2%2Ftags&post=93938"}],"curies":[{"name":"wp","href":"https:\/\/api.w.org\/{rel}","templated":true}]}}