{"id":93941,"date":"2025-03-06T19:38:59","date_gmt":"2025-03-06T19:38:59","guid":{"rendered":"https:\/\/estado29.mx\/?p=93941"},"modified":"2025-03-06T19:39:00","modified_gmt":"2025-03-06T19:39:00","slug":"continua-operativo-a-motociclistas-en-el-carmen-tequexquitla","status":"publish","type":"post","link":"https:\/\/estado29.mx\/?p=93941","title":{"rendered":"Contin\u00faa operativo a motociclistas en El Carmen Tequexquitla."},"content":{"rendered":"\n<p><\/p>\n\n\n\n<p>El Comisario de Seguridad P\u00fablica, Vialidad y Transporte en el Municipio de El Carmen Tequexquitla, V\u00edctor Garc\u00eda Ch\u00e9ver, detall\u00f3 que con el objetivo de concientizar a los pobladores, sobre el cuidado de su bienestar al transitar en motocicleta por calles y carretera de este lugar, se realizan de manera constante, operativos que permitan inspeccionar a quienes las conducen.<\/p>\n\n\n\n<figure class=\"wp-block-image size-large\"><img loading=\"lazy\" decoding=\"async\" width=\"1024\" height=\"768\" src=\"https:\/\/estado29.mx\/wp-content\/uploads\/2025\/03\/IMG-20250228-WA0005-1024x768.jpg\" alt=\"\" class=\"wp-image-93943\" srcset=\"https:\/\/estado29.mx\/wp-content\/uploads\/2025\/03\/IMG-20250228-WA0005-1024x768.jpg 1024w, https:\/\/estado29.mx\/wp-content\/uploads\/2025\/03\/IMG-20250228-WA0005-300x225.jpg 300w, https:\/\/estado29.mx\/wp-content\/uploads\/2025\/03\/IMG-20250228-WA0005-768x576.jpg 768w, https:\/\/estado29.mx\/wp-content\/uploads\/2025\/03\/IMG-20250228-WA0005-750x563.jpg 750w, https:\/\/estado29.mx\/wp-content\/uploads\/2025\/03\/IMG-20250228-WA0005-1140x855.jpg 1140w, https:\/\/estado29.mx\/wp-content\/uploads\/2025\/03\/IMG-20250228-WA0005.jpg 1280w\" sizes=\"auto, (max-width: 1024px) 100vw, 1024px\" \/><\/figure>\n\n\n\n<p><br>El Comisario agreg\u00f3 que como lo indica el reglamento de vialidad, est\u00e1 prohibido que menores de edad aborden o conduzcan motocicletas en el interior de este lugar.<\/p>\n\n\n\n<p><br>Asimismo, refiri\u00f3 que estos operativos se realizan de forma conjunta con Guardia Nacional, en diversos puntos de la cabecera municipal y comunidades.<\/p>\n\n\n\n<figure class=\"wp-block-image size-large\"><img loading=\"lazy\" decoding=\"async\" width=\"1024\" height=\"768\" src=\"https:\/\/estado29.mx\/wp-content\/uploads\/2025\/03\/IMG-20250228-WA0007-1024x768.jpg\" alt=\"\" class=\"wp-image-93944\" srcset=\"https:\/\/estado29.mx\/wp-content\/uploads\/2025\/03\/IMG-20250228-WA0007-1024x768.jpg 1024w, https:\/\/estado29.mx\/wp-content\/uploads\/2025\/03\/IMG-20250228-WA0007-300x225.jpg 300w, https:\/\/estado29.mx\/wp-content\/uploads\/2025\/03\/IMG-20250228-WA0007-768x576.jpg 768w, https:\/\/estado29.mx\/wp-content\/uploads\/2025\/03\/IMG-20250228-WA0007-750x563.jpg 750w, https:\/\/estado29.mx\/wp-content\/uploads\/2025\/03\/IMG-20250228-WA0007-1140x855.jpg 1140w, https:\/\/estado29.mx\/wp-content\/uploads\/2025\/03\/IMG-20250228-WA0007.jpg 1280w\" sizes=\"auto, (max-width: 1024px) 100vw, 1024px\" \/><\/figure>\n\n\n\n<p><br>Para finalizar, dijo que las personas que no cuentan con sus documentos en regla, son puestos a disposici\u00f3n del juez municipal, con el objetivo de combatir el robo de veh\u00edculos y prevenir delitos en el interior del municipio.<\/p>\n\n\n<figure class=\"wp-block-post-featured-image\"><img loading=\"lazy\" decoding=\"async\" width=\"960\" height=\"1280\" src=\"https:\/\/estado29.mx\/wp-content\/uploads\/2025\/03\/IMG-20250228-WA0008.jpg\" class=\"attachment-post-thumbnail size-post-thumbnail wp-post-image\" alt=\"\" style=\"object-fit:cover;\" srcset=\"https:\/\/estado29.mx\/wp-content\/uploads\/2025\/03\/IMG-20250228-WA0008.jpg 960w, https:\/\/estado29.mx\/wp-content\/uploads\/2025\/03\/IMG-20250228-WA0008-225x300.jpg 225w, https:\/\/estado29.mx\/wp-content\/uploads\/2025\/03\/IMG-20250228-WA0008-768x1024.jpg 768w, https:\/\/estado29.mx\/wp-content\/uploads\/2025\/03\/IMG-20250228-WA0008-750x1000.jpg 750w\" sizes=\"auto, (max-width: 960px) 100vw, 960px\" \/><\/figure>","protected":false},"excerpt":{"rendered":"<p>El Comisario de Seguridad P\u00fablica, Vialidad y Transporte en el Municipio de El Carmen Tequexquitla, V\u00edctor Garc\u00eda Ch\u00e9ver, detall\u00f3 que con el objetivo de concientizar a los pobladores, sobre el cuidado de su bienestar al transitar en motocicleta por calles y carretera de este lugar, se realizan de manera constante, operativos que permitan inspeccionar a [&hellip;]<\/p>\n","protected":false},"author":7,"featured_media":93942,"comment_status":"open","ping_status":"open","sticky":false,"template":"","format":"standard","meta":{"om_disable_all_campaigns":false,"_monsterinsights_skip_tracking":false,"_monsterinsights_sitenote_active":false,"_monsterinsights_sitenote_note":"","_monsterinsights_sitenote_category":0,"jnews-multi-image_gallery":[],"jnews_single_post":{"format":"standard"},"jnews_primary_category":[],"footnotes":""},"categories":[1],"tags":[],"class_list":["post-93941","post","type-post","status-publish","format-standard","has-post-thumbnail","hentry","category-uncategorized"],"aioseo_notices":[],"_links":{"self":[{"href":"https:\/\/estado29.mx\/index.php?rest_route=\/wp\/v2\/posts\/93941","targetHints":{"allow":["GET"]}}],"collection":[{"href":"https:\/\/estado29.mx\/index.php?rest_route=\/wp\/v2\/posts"}],"about":[{"href":"https:\/\/estado29.mx\/index.php?rest_route=\/wp\/v2\/types\/post"}],"author":[{"embeddable":true,"href":"https:\/\/estado29.mx\/index.php?rest_route=\/wp\/v2\/users\/7"}],"replies":[{"embeddable":true,"href":"https:\/\/estado29.mx\/index.php?rest_route=%2Fwp%2Fv2%2Fcomments&post=93941"}],"version-history":[{"count":1,"href":"https:\/\/estado29.mx\/index.php?rest_route=\/wp\/v2\/posts\/93941\/revisions"}],"predecessor-version":[{"id":93945,"href":"https:\/\/estado29.mx\/index.php?rest_route=\/wp\/v2\/posts\/93941\/revisions\/93945"}],"wp:featuredmedia":[{"embeddable":true,"href":"https:\/\/estado29.mx\/index.php?rest_route=\/wp\/v2\/media\/93942"}],"wp:attachment":[{"href":"https:\/\/estado29.mx\/index.php?rest_route=%2Fwp%2Fv2%2Fmedia&parent=93941"}],"wp:term":[{"taxonomy":"category","embeddable":true,"href":"https:\/\/estado29.mx\/index.php?rest_route=%2Fwp%2Fv2%2Fcategories&post=93941"},{"taxonomy":"post_tag","embeddable":true,"href":"https:\/\/estado29.mx\/index.php?rest_route=%2Fwp%2Fv2%2Ftags&post=93941"}],"curies":[{"name":"wp","href":"https:\/\/api.w.org\/{rel}","templated":true}]}}