{"id":93946,"date":"2025-03-06T19:41:57","date_gmt":"2025-03-06T19:41:57","guid":{"rendered":"https:\/\/estado29.mx\/?p=93946"},"modified":"2025-03-06T19:41:57","modified_gmt":"2025-03-06T19:41:57","slug":"beneficia-ayuntamiento-de-ixtenco-a-mas-200-ciudadanos-con-el-programa-de-apoyos-para-la-vivienda-a-bajo-costo","status":"publish","type":"post","link":"https:\/\/estado29.mx\/?p=93946","title":{"rendered":"Beneficia ayuntamiento de Ixtenco a m\u00e1s 200 ciudadanos con el Programa de Apoyos para la Vivienda a Bajo Costo."},"content":{"rendered":"\n<p><\/p>\n\n\n\n<p>El gobierno municipal, de Ixtenco, presidido por Miriam Aline Lazo Caballero, contin\u00faa impulsando acciones que mejoran la calidad de vida de las familias. Este d\u00eda se llev\u00f3 a cabo la segunda entrega del Programa de Apoyos para la Vivienda a Bajo Costo, beneficiando en esta ocasi\u00f3n a 51 ciudadanos con tinacos, calentadores solares y carretillas.<\/p>\n\n\n\n<figure class=\"wp-block-image size-large\"><img loading=\"lazy\" decoding=\"async\" width=\"1024\" height=\"682\" src=\"https:\/\/estado29.mx\/wp-content\/uploads\/2025\/03\/IMG-20250304-WA0013-1024x682.jpg\" alt=\"\" class=\"wp-image-93948\" srcset=\"https:\/\/estado29.mx\/wp-content\/uploads\/2025\/03\/IMG-20250304-WA0013-1024x682.jpg 1024w, https:\/\/estado29.mx\/wp-content\/uploads\/2025\/03\/IMG-20250304-WA0013-300x200.jpg 300w, https:\/\/estado29.mx\/wp-content\/uploads\/2025\/03\/IMG-20250304-WA0013-768x512.jpg 768w, https:\/\/estado29.mx\/wp-content\/uploads\/2025\/03\/IMG-20250304-WA0013-1536x1023.jpg 1536w, https:\/\/estado29.mx\/wp-content\/uploads\/2025\/03\/IMG-20250304-WA0013-750x500.jpg 750w, https:\/\/estado29.mx\/wp-content\/uploads\/2025\/03\/IMG-20250304-WA0013-1140x760.jpg 1140w, https:\/\/estado29.mx\/wp-content\/uploads\/2025\/03\/IMG-20250304-WA0013.jpg 1600w\" sizes=\"auto, (max-width: 1024px) 100vw, 1024px\" \/><\/figure>\n\n\n\n<p>Durante la entrega, la presidenta municipal estuvo acompa\u00f1ada por regidores, el s\u00edndico municipal y la Coordinadora de Bienestar, Ana Laura Moreno Escalona, quienes reiteraron su compromiso de seguir gestionando apoyos accesibles para la comunidad.<\/p>\n\n\n\n<figure class=\"wp-block-image size-large\"><img loading=\"lazy\" decoding=\"async\" width=\"1024\" height=\"682\" src=\"https:\/\/estado29.mx\/wp-content\/uploads\/2025\/03\/IMG-20250304-WA0020-1024x682.jpg\" alt=\"\" class=\"wp-image-93949\" srcset=\"https:\/\/estado29.mx\/wp-content\/uploads\/2025\/03\/IMG-20250304-WA0020-1024x682.jpg 1024w, https:\/\/estado29.mx\/wp-content\/uploads\/2025\/03\/IMG-20250304-WA0020-300x200.jpg 300w, https:\/\/estado29.mx\/wp-content\/uploads\/2025\/03\/IMG-20250304-WA0020-768x512.jpg 768w, https:\/\/estado29.mx\/wp-content\/uploads\/2025\/03\/IMG-20250304-WA0020-1536x1023.jpg 1536w, https:\/\/estado29.mx\/wp-content\/uploads\/2025\/03\/IMG-20250304-WA0020-750x500.jpg 750w, https:\/\/estado29.mx\/wp-content\/uploads\/2025\/03\/IMG-20250304-WA0020-1140x760.jpg 1140w, https:\/\/estado29.mx\/wp-content\/uploads\/2025\/03\/IMG-20250304-WA0020.jpg 1600w\" sizes=\"auto, (max-width: 1024px) 100vw, 1024px\" \/><\/figure>\n\n\n\n<p>En total, se han entregado calentadores solares, carretillas, y tinacos a precios significativamente m\u00e1s bajos que los del mercado, permitiendo que m\u00e1s familias accedan a estos productos esenciales para mejorar sus hogares.<\/p>\n\n\n\n<figure class=\"wp-block-image size-large\"><img loading=\"lazy\" decoding=\"async\" width=\"1024\" height=\"682\" src=\"https:\/\/estado29.mx\/wp-content\/uploads\/2025\/03\/IMG-20250304-WA0016-1024x682.jpg\" alt=\"\" class=\"wp-image-93950\" srcset=\"https:\/\/estado29.mx\/wp-content\/uploads\/2025\/03\/IMG-20250304-WA0016-1024x682.jpg 1024w, https:\/\/estado29.mx\/wp-content\/uploads\/2025\/03\/IMG-20250304-WA0016-300x200.jpg 300w, https:\/\/estado29.mx\/wp-content\/uploads\/2025\/03\/IMG-20250304-WA0016-768x512.jpg 768w, https:\/\/estado29.mx\/wp-content\/uploads\/2025\/03\/IMG-20250304-WA0016-1536x1023.jpg 1536w, https:\/\/estado29.mx\/wp-content\/uploads\/2025\/03\/IMG-20250304-WA0016-750x500.jpg 750w, https:\/\/estado29.mx\/wp-content\/uploads\/2025\/03\/IMG-20250304-WA0016-1140x760.jpg 1140w, https:\/\/estado29.mx\/wp-content\/uploads\/2025\/03\/IMG-20250304-WA0016.jpg 1600w\" sizes=\"auto, (max-width: 1024px) 100vw, 1024px\" \/><\/figure>\n\n\n\n<p>Con esta segunda campa\u00f1a, el programa ha logrado beneficiar a m\u00e1s de 200 ciudadanos, consolid\u00e1ndose como una estrategia efectiva para fortalecer el bienestar y mejorar las condiciones de los hogares en el municipio.<\/p>\n\n\n\n<figure class=\"wp-block-image size-large\"><img loading=\"lazy\" decoding=\"async\" width=\"1024\" height=\"682\" src=\"https:\/\/estado29.mx\/wp-content\/uploads\/2025\/03\/IMG-20250304-WA0018-1024x682.jpg\" alt=\"\" class=\"wp-image-93951\" srcset=\"https:\/\/estado29.mx\/wp-content\/uploads\/2025\/03\/IMG-20250304-WA0018-1024x682.jpg 1024w, https:\/\/estado29.mx\/wp-content\/uploads\/2025\/03\/IMG-20250304-WA0018-300x200.jpg 300w, https:\/\/estado29.mx\/wp-content\/uploads\/2025\/03\/IMG-20250304-WA0018-768x512.jpg 768w, https:\/\/estado29.mx\/wp-content\/uploads\/2025\/03\/IMG-20250304-WA0018-1536x1023.jpg 1536w, https:\/\/estado29.mx\/wp-content\/uploads\/2025\/03\/IMG-20250304-WA0018-750x500.jpg 750w, https:\/\/estado29.mx\/wp-content\/uploads\/2025\/03\/IMG-20250304-WA0018-1140x760.jpg 1140w, https:\/\/estado29.mx\/wp-content\/uploads\/2025\/03\/IMG-20250304-WA0018.jpg 1600w\" sizes=\"auto, (max-width: 1024px) 100vw, 1024px\" \/><\/figure>\n\n\n\n<p>El gobierno municipal reafirma su compromiso de continuar implementando programas que generen un impacto positivo en la vida de la poblaci\u00f3n, acercando apoyos que contribuyan al desarrollo y estabilidad de las familias.<\/p>\n\n\n<figure class=\"wp-block-post-featured-image\"><img loading=\"lazy\" decoding=\"async\" width=\"1600\" height=\"1066\" src=\"https:\/\/estado29.mx\/wp-content\/uploads\/2025\/03\/IMG-20250304-WA0015.jpg\" class=\"attachment-post-thumbnail size-post-thumbnail wp-post-image\" alt=\"\" style=\"object-fit:cover;\" srcset=\"https:\/\/estado29.mx\/wp-content\/uploads\/2025\/03\/IMG-20250304-WA0015.jpg 1600w, https:\/\/estado29.mx\/wp-content\/uploads\/2025\/03\/IMG-20250304-WA0015-300x200.jpg 300w, https:\/\/estado29.mx\/wp-content\/uploads\/2025\/03\/IMG-20250304-WA0015-1024x682.jpg 1024w, https:\/\/estado29.mx\/wp-content\/uploads\/2025\/03\/IMG-20250304-WA0015-768x512.jpg 768w, https:\/\/estado29.mx\/wp-content\/uploads\/2025\/03\/IMG-20250304-WA0015-1536x1023.jpg 1536w, https:\/\/estado29.mx\/wp-content\/uploads\/2025\/03\/IMG-20250304-WA0015-750x500.jpg 750w, https:\/\/estado29.mx\/wp-content\/uploads\/2025\/03\/IMG-20250304-WA0015-1140x760.jpg 1140w\" sizes=\"auto, (max-width: 1600px) 100vw, 1600px\" \/><\/figure>","protected":false},"excerpt":{"rendered":"<p>El gobierno municipal, de Ixtenco, presidido por Miriam Aline Lazo Caballero, contin\u00faa impulsando acciones que mejoran la calidad de vida de las familias. Este d\u00eda se llev\u00f3 a cabo la segunda entrega del Programa de Apoyos para la Vivienda a Bajo Costo, beneficiando en esta ocasi\u00f3n a 51 ciudadanos con tinacos, calentadores solares y carretillas. [&hellip;]<\/p>\n","protected":false},"author":7,"featured_media":93947,"comment_status":"open","ping_status":"open","sticky":false,"template":"","format":"standard","meta":{"om_disable_all_campaigns":false,"_monsterinsights_skip_tracking":false,"_monsterinsights_sitenote_active":false,"_monsterinsights_sitenote_note":"","_monsterinsights_sitenote_category":0,"jnews-multi-image_gallery":[],"jnews_single_post":{"format":"standard"},"jnews_primary_category":[],"footnotes":""},"categories":[1],"tags":[],"class_list":["post-93946","post","type-post","status-publish","format-standard","has-post-thumbnail","hentry","category-uncategorized"],"aioseo_notices":[],"_links":{"self":[{"href":"https:\/\/estado29.mx\/index.php?rest_route=\/wp\/v2\/posts\/93946","targetHints":{"allow":["GET"]}}],"collection":[{"href":"https:\/\/estado29.mx\/index.php?rest_route=\/wp\/v2\/posts"}],"about":[{"href":"https:\/\/estado29.mx\/index.php?rest_route=\/wp\/v2\/types\/post"}],"author":[{"embeddable":true,"href":"https:\/\/estado29.mx\/index.php?rest_route=\/wp\/v2\/users\/7"}],"replies":[{"embeddable":true,"href":"https:\/\/estado29.mx\/index.php?rest_route=%2Fwp%2Fv2%2Fcomments&post=93946"}],"version-history":[{"count":1,"href":"https:\/\/estado29.mx\/index.php?rest_route=\/wp\/v2\/posts\/93946\/revisions"}],"predecessor-version":[{"id":93952,"href":"https:\/\/estado29.mx\/index.php?rest_route=\/wp\/v2\/posts\/93946\/revisions\/93952"}],"wp:featuredmedia":[{"embeddable":true,"href":"https:\/\/estado29.mx\/index.php?rest_route=\/wp\/v2\/media\/93947"}],"wp:attachment":[{"href":"https:\/\/estado29.mx\/index.php?rest_route=%2Fwp%2Fv2%2Fmedia&parent=93946"}],"wp:term":[{"taxonomy":"category","embeddable":true,"href":"https:\/\/estado29.mx\/index.php?rest_route=%2Fwp%2Fv2%2Fcategories&post=93946"},{"taxonomy":"post_tag","embeddable":true,"href":"https:\/\/estado29.mx\/index.php?rest_route=%2Fwp%2Fv2%2Ftags&post=93946"}],"curies":[{"name":"wp","href":"https:\/\/api.w.org\/{rel}","templated":true}]}}