{"id":93953,"date":"2025-03-06T19:48:47","date_gmt":"2025-03-06T19:48:47","guid":{"rendered":"https:\/\/estado29.mx\/?p=93953"},"modified":"2025-03-06T19:48:47","modified_gmt":"2025-03-06T19:48:47","slug":"con-exito-y-buena-participacion-se-realiza-en-huamantla-la-conferencia-mujer-en-equilibrio","status":"publish","type":"post","link":"https:\/\/estado29.mx\/?p=93953","title":{"rendered":"Con \u00e9xito y buena participaci\u00f3n se realiza en Huamantla la Conferencia \u201cMujer en Equilibrio\u201d."},"content":{"rendered":"\n<p><br>Este jueves 6 de marzo, se llev\u00f3 a cabo en el municipio de Huamantla, la conferencia titulada \u201cMujer en Equilibrio&#8221;, esta charla, organizada por el Sistema Municipal para el Desarrollo Integral de la Familia (SMDIF), tuvo lugar en las instalaciones de la Ex Cancha 13, dentro del marco de la Conmemoraci\u00f3n del D\u00eda Internacional de la Mujer.<\/p>\n\n\n\n<figure class=\"wp-block-image size-large\"><img loading=\"lazy\" decoding=\"async\" width=\"1024\" height=\"768\" src=\"https:\/\/estado29.mx\/wp-content\/uploads\/2025\/03\/IMG_20250306_104220-min-1024x768.jpg\" alt=\"\" class=\"wp-image-93956\" srcset=\"https:\/\/estado29.mx\/wp-content\/uploads\/2025\/03\/IMG_20250306_104220-min-1024x768.jpg 1024w, https:\/\/estado29.mx\/wp-content\/uploads\/2025\/03\/IMG_20250306_104220-min-300x225.jpg 300w, https:\/\/estado29.mx\/wp-content\/uploads\/2025\/03\/IMG_20250306_104220-min-768x576.jpg 768w, https:\/\/estado29.mx\/wp-content\/uploads\/2025\/03\/IMG_20250306_104220-min-1536x1152.jpg 1536w, https:\/\/estado29.mx\/wp-content\/uploads\/2025\/03\/IMG_20250306_104220-min-2048x1536.jpg 2048w, https:\/\/estado29.mx\/wp-content\/uploads\/2025\/03\/IMG_20250306_104220-min-750x563.jpg 750w, https:\/\/estado29.mx\/wp-content\/uploads\/2025\/03\/IMG_20250306_104220-min-1140x855.jpg 1140w\" sizes=\"auto, (max-width: 1024px) 100vw, 1024px\" \/><\/figure>\n\n\n\n<p><br>Esta actividad, estuvo encabezada por la presidenta del SMDIF, Mar\u00eda del Roc\u00edo Hern\u00e1ndez Castillo, quien en su mensaje de bienvenida a las asistentes, destac\u00f3 la importancia que representan.<\/p>\n\n\n\n<figure class=\"wp-block-image size-large\"><img loading=\"lazy\" decoding=\"async\" width=\"1024\" height=\"768\" src=\"https:\/\/estado29.mx\/wp-content\/uploads\/2025\/03\/IMG_20250306_112052-min-1024x768.jpg\" alt=\"\" class=\"wp-image-93957\" srcset=\"https:\/\/estado29.mx\/wp-content\/uploads\/2025\/03\/IMG_20250306_112052-min-1024x768.jpg 1024w, https:\/\/estado29.mx\/wp-content\/uploads\/2025\/03\/IMG_20250306_112052-min-300x225.jpg 300w, https:\/\/estado29.mx\/wp-content\/uploads\/2025\/03\/IMG_20250306_112052-min-768x576.jpg 768w, https:\/\/estado29.mx\/wp-content\/uploads\/2025\/03\/IMG_20250306_112052-min-1536x1152.jpg 1536w, https:\/\/estado29.mx\/wp-content\/uploads\/2025\/03\/IMG_20250306_112052-min-2048x1536.jpg 2048w, https:\/\/estado29.mx\/wp-content\/uploads\/2025\/03\/IMG_20250306_112052-min-750x563.jpg 750w, https:\/\/estado29.mx\/wp-content\/uploads\/2025\/03\/IMG_20250306_112052-min-1140x855.jpg 1140w\" sizes=\"auto, (max-width: 1024px) 100vw, 1024px\" \/><\/figure>\n\n\n\n<p><br>Adem\u00e1s reconoci\u00f3 el esfuerzo y trabajo conjunto de las y los integrantes de \u00e9sta y las \u00e1reas del ayuntamiento que colaboran para realizar estas actividades.<\/p>\n\n\n\n<figure class=\"wp-block-image size-large\"><img loading=\"lazy\" decoding=\"async\" width=\"1024\" height=\"768\" src=\"https:\/\/estado29.mx\/wp-content\/uploads\/2025\/03\/IMG_20250306_103945-min-1024x768.jpg\" alt=\"\" class=\"wp-image-93958\" srcset=\"https:\/\/estado29.mx\/wp-content\/uploads\/2025\/03\/IMG_20250306_103945-min-1024x768.jpg 1024w, https:\/\/estado29.mx\/wp-content\/uploads\/2025\/03\/IMG_20250306_103945-min-300x225.jpg 300w, https:\/\/estado29.mx\/wp-content\/uploads\/2025\/03\/IMG_20250306_103945-min-768x576.jpg 768w, https:\/\/estado29.mx\/wp-content\/uploads\/2025\/03\/IMG_20250306_103945-min-1536x1152.jpg 1536w, https:\/\/estado29.mx\/wp-content\/uploads\/2025\/03\/IMG_20250306_103945-min-2048x1536.jpg 2048w, https:\/\/estado29.mx\/wp-content\/uploads\/2025\/03\/IMG_20250306_103945-min-750x563.jpg 750w, https:\/\/estado29.mx\/wp-content\/uploads\/2025\/03\/IMG_20250306_103945-min-1140x855.jpg 1140w\" sizes=\"auto, (max-width: 1024px) 100vw, 1024px\" \/><\/figure>\n\n\n\n<p><br>Esta pl\u00e1tica, estuvo a cargo de la Tanat\u00f3loga, Ana Karina Silva y M\u00f3nica Cabrera Couch Ont\u00f3loga, quienes adem\u00e1s de hacer diversas t\u00e9cnicas de ejercicio con las participantes, abordaron temas como el bienestar emocional, as\u00ed como la importancia de identificar emociones arraigadas en el interior predominantes en el d\u00eda a d\u00eda, de igual forma, la importancia del valor como mujer, dentro de los diversos entornos.<\/p>\n\n\n\n<figure class=\"wp-block-image size-large\"><img loading=\"lazy\" decoding=\"async\" width=\"1024\" height=\"768\" src=\"https:\/\/estado29.mx\/wp-content\/uploads\/2025\/03\/IMG_20250306_104017-min-1024x768.jpg\" alt=\"\" class=\"wp-image-93959\" srcset=\"https:\/\/estado29.mx\/wp-content\/uploads\/2025\/03\/IMG_20250306_104017-min-1024x768.jpg 1024w, https:\/\/estado29.mx\/wp-content\/uploads\/2025\/03\/IMG_20250306_104017-min-300x225.jpg 300w, https:\/\/estado29.mx\/wp-content\/uploads\/2025\/03\/IMG_20250306_104017-min-768x576.jpg 768w, https:\/\/estado29.mx\/wp-content\/uploads\/2025\/03\/IMG_20250306_104017-min-1536x1152.jpg 1536w, https:\/\/estado29.mx\/wp-content\/uploads\/2025\/03\/IMG_20250306_104017-min-2048x1536.jpg 2048w, https:\/\/estado29.mx\/wp-content\/uploads\/2025\/03\/IMG_20250306_104017-min-750x563.jpg 750w, https:\/\/estado29.mx\/wp-content\/uploads\/2025\/03\/IMG_20250306_104017-min-1140x855.jpg 1140w\" sizes=\"auto, (max-width: 1024px) 100vw, 1024px\" \/><\/figure>\n\n\n\n<p><br>Asimismo, la importancia de tratarse a s\u00ed mismo de buena forma, con cari\u00f1o, respeto, amor y la importancia de cerrar o romper ciclos y cambiar la narrativa.<\/p>\n\n\n\n<figure class=\"wp-block-image size-large\"><img loading=\"lazy\" decoding=\"async\" width=\"1024\" height=\"768\" src=\"https:\/\/estado29.mx\/wp-content\/uploads\/2025\/03\/IMG_20250306_115328-min-1-1024x768.jpg\" alt=\"\" class=\"wp-image-93960\" srcset=\"https:\/\/estado29.mx\/wp-content\/uploads\/2025\/03\/IMG_20250306_115328-min-1-1024x768.jpg 1024w, https:\/\/estado29.mx\/wp-content\/uploads\/2025\/03\/IMG_20250306_115328-min-1-300x225.jpg 300w, https:\/\/estado29.mx\/wp-content\/uploads\/2025\/03\/IMG_20250306_115328-min-1-768x576.jpg 768w, https:\/\/estado29.mx\/wp-content\/uploads\/2025\/03\/IMG_20250306_115328-min-1-1536x1152.jpg 1536w, https:\/\/estado29.mx\/wp-content\/uploads\/2025\/03\/IMG_20250306_115328-min-1-2048x1536.jpg 2048w, https:\/\/estado29.mx\/wp-content\/uploads\/2025\/03\/IMG_20250306_115328-min-1-750x563.jpg 750w, https:\/\/estado29.mx\/wp-content\/uploads\/2025\/03\/IMG_20250306_115328-min-1-1140x855.jpg 1140w\" sizes=\"auto, (max-width: 1024px) 100vw, 1024px\" \/><\/figure>\n\n\n\n<p><br>Para finalizar esta conferencia, las ponencistas invitaron a las asistentes, a valorarse, hacerse conscientes del gran ser humano que son y la Directora del DIF, Teresa Ram\u00edrez C\u00f3diz, hizo entrega de un reconocimiento a las conferencistas de este d\u00eda.<\/p>\n\n\n<figure class=\"wp-block-post-featured-image\"><img loading=\"lazy\" decoding=\"async\" width=\"2560\" height=\"1920\" src=\"https:\/\/estado29.mx\/wp-content\/uploads\/2025\/03\/IMG_20250306_114732-min-scaled.jpg\" class=\"attachment-post-thumbnail size-post-thumbnail wp-post-image\" alt=\"\" style=\"object-fit:cover;\" srcset=\"https:\/\/estado29.mx\/wp-content\/uploads\/2025\/03\/IMG_20250306_114732-min-scaled.jpg 2560w, https:\/\/estado29.mx\/wp-content\/uploads\/2025\/03\/IMG_20250306_114732-min-300x225.jpg 300w, https:\/\/estado29.mx\/wp-content\/uploads\/2025\/03\/IMG_20250306_114732-min-1024x768.jpg 1024w, https:\/\/estado29.mx\/wp-content\/uploads\/2025\/03\/IMG_20250306_114732-min-768x576.jpg 768w, https:\/\/estado29.mx\/wp-content\/uploads\/2025\/03\/IMG_20250306_114732-min-1536x1152.jpg 1536w, https:\/\/estado29.mx\/wp-content\/uploads\/2025\/03\/IMG_20250306_114732-min-2048x1536.jpg 2048w, https:\/\/estado29.mx\/wp-content\/uploads\/2025\/03\/IMG_20250306_114732-min-750x563.jpg 750w, https:\/\/estado29.mx\/wp-content\/uploads\/2025\/03\/IMG_20250306_114732-min-1140x855.jpg 1140w\" sizes=\"auto, (max-width: 2560px) 100vw, 2560px\" \/><\/figure>","protected":false},"excerpt":{"rendered":"<p>Este jueves 6 de marzo, se llev\u00f3 a cabo en el municipio de Huamantla, la conferencia titulada \u201cMujer en Equilibrio&#8221;, esta charla, organizada por el Sistema Municipal para el Desarrollo Integral de la Familia (SMDIF), tuvo lugar en las instalaciones de la Ex Cancha 13, dentro del marco de la Conmemoraci\u00f3n del D\u00eda Internacional de [&hellip;]<\/p>\n","protected":false},"author":7,"featured_media":93955,"comment_status":"open","ping_status":"open","sticky":false,"template":"","format":"standard","meta":{"om_disable_all_campaigns":false,"_monsterinsights_skip_tracking":false,"_monsterinsights_sitenote_active":false,"_monsterinsights_sitenote_note":"","_monsterinsights_sitenote_category":0,"jnews-multi-image_gallery":[],"jnews_single_post":{"format":"standard"},"jnews_primary_category":[],"footnotes":""},"categories":[1],"tags":[],"class_list":["post-93953","post","type-post","status-publish","format-standard","has-post-thumbnail","hentry","category-uncategorized"],"aioseo_notices":[],"_links":{"self":[{"href":"https:\/\/estado29.mx\/index.php?rest_route=\/wp\/v2\/posts\/93953","targetHints":{"allow":["GET"]}}],"collection":[{"href":"https:\/\/estado29.mx\/index.php?rest_route=\/wp\/v2\/posts"}],"about":[{"href":"https:\/\/estado29.mx\/index.php?rest_route=\/wp\/v2\/types\/post"}],"author":[{"embeddable":true,"href":"https:\/\/estado29.mx\/index.php?rest_route=\/wp\/v2\/users\/7"}],"replies":[{"embeddable":true,"href":"https:\/\/estado29.mx\/index.php?rest_route=%2Fwp%2Fv2%2Fcomments&post=93953"}],"version-history":[{"count":1,"href":"https:\/\/estado29.mx\/index.php?rest_route=\/wp\/v2\/posts\/93953\/revisions"}],"predecessor-version":[{"id":93961,"href":"https:\/\/estado29.mx\/index.php?rest_route=\/wp\/v2\/posts\/93953\/revisions\/93961"}],"wp:featuredmedia":[{"embeddable":true,"href":"https:\/\/estado29.mx\/index.php?rest_route=\/wp\/v2\/media\/93955"}],"wp:attachment":[{"href":"https:\/\/estado29.mx\/index.php?rest_route=%2Fwp%2Fv2%2Fmedia&parent=93953"}],"wp:term":[{"taxonomy":"category","embeddable":true,"href":"https:\/\/estado29.mx\/index.php?rest_route=%2Fwp%2Fv2%2Fcategories&post=93953"},{"taxonomy":"post_tag","embeddable":true,"href":"https:\/\/estado29.mx\/index.php?rest_route=%2Fwp%2Fv2%2Ftags&post=93953"}],"curies":[{"name":"wp","href":"https:\/\/api.w.org\/{rel}","templated":true}]}}