{"id":93966,"date":"2025-03-07T00:50:10","date_gmt":"2025-03-07T00:50:10","guid":{"rendered":"https:\/\/estado29.mx\/?p=93966"},"modified":"2025-03-07T00:50:10","modified_gmt":"2025-03-07T00:50:10","slug":"la-gobernadora-lorena-cuellar-cisneros-anuncio-que-pronto-comenzaran-los-trabajos-de-construccion-de-la-universidad-nacional-rosario-castellanos-en-teolocholco-tlaxcala-con-el-apoyo-de-la-presid","status":"publish","type":"post","link":"https:\/\/estado29.mx\/?p=93966","title":{"rendered":"La gobernadora Lorena Cu\u00e9llar Cisneros anunci\u00f3 que pronto comenzar\u00e1n los trabajos de construcci\u00f3n de la Universidad Nacional &#8220;Rosario Castellanos&#8221; en Teolocholco, Tlaxcala, con el apoyo de la presidenta Claudia Sheinbaum Pardo."},"content":{"rendered":"<figure class=\"wp-block-post-featured-image\"><img loading=\"lazy\" decoding=\"async\" width=\"830\" height=\"830\" src=\"https:\/\/estado29.mx\/wp-content\/uploads\/2025\/03\/FB_IMG_1741308418353.jpg\" class=\"attachment-post-thumbnail size-post-thumbnail wp-post-image\" alt=\"\" style=\"object-fit:cover;\" srcset=\"https:\/\/estado29.mx\/wp-content\/uploads\/2025\/03\/FB_IMG_1741308418353.jpg 830w, https:\/\/estado29.mx\/wp-content\/uploads\/2025\/03\/FB_IMG_1741308418353-300x300.jpg 300w, https:\/\/estado29.mx\/wp-content\/uploads\/2025\/03\/FB_IMG_1741308418353-150x150.jpg 150w, https:\/\/estado29.mx\/wp-content\/uploads\/2025\/03\/FB_IMG_1741308418353-768x768.jpg 768w, https:\/\/estado29.mx\/wp-content\/uploads\/2025\/03\/FB_IMG_1741308418353-75x75.jpg 75w, https:\/\/estado29.mx\/wp-content\/uploads\/2025\/03\/FB_IMG_1741308418353-350x350.jpg 350w, https:\/\/estado29.mx\/wp-content\/uploads\/2025\/03\/FB_IMG_1741308418353-750x750.jpg 750w\" sizes=\"auto, (max-width: 830px) 100vw, 830px\" \/><\/figure>\n\n\n<p>La universidad, que se ubicar\u00e1 en un predio de seis hect\u00e1reas, ofrecer\u00e1 opciones educativas de calidad y gratuita a los estudiantes de la regi\u00f3n \u00b9.El presidente municipal de Teolocholco, Valent\u00edn Mel\u00e9ndez Tecuapacho, agradeci\u00f3 a la gobernadora por impulsar el proyecto, que ha generado una excelente respuesta entre los habitantes de la localidad. <\/p>\n\n\n\n<p>La universidad se espera que forme a m\u00e1s de 26 mil alumnos y tenga un impacto positivo en el desarrollo educativo de la zona sur de Tlaxcala.La creaci\u00f3n de esta instituci\u00f3n de nivel superior se enmarca en el compromiso del gobierno de garantizar el derecho a la educaci\u00f3n y ofrecer opciones de calidad y gratuita a los estudiantes que concluyen sus estudios de nivel bachillerato.<\/p>\n","protected":false},"excerpt":{"rendered":"<p>La universidad, que se ubicar\u00e1 en un predio de seis hect\u00e1reas, ofrecer\u00e1 opciones educativas de calidad y gratuita a los estudiantes de la regi\u00f3n \u00b9.El presidente municipal de Teolocholco, Valent\u00edn Mel\u00e9ndez Tecuapacho, agradeci\u00f3 a la gobernadora por impulsar el proyecto, que ha generado una excelente respuesta entre los habitantes de la localidad. La universidad se [&hellip;]<\/p>\n","protected":false},"author":4,"featured_media":93968,"comment_status":"open","ping_status":"open","sticky":false,"template":"","format":"standard","meta":{"om_disable_all_campaigns":false,"_monsterinsights_skip_tracking":false,"_monsterinsights_sitenote_active":false,"_monsterinsights_sitenote_note":"","_monsterinsights_sitenote_category":0,"jnews-multi-image_gallery":[],"jnews_single_post":{"format":"standard"},"jnews_primary_category":[],"footnotes":""},"categories":[1],"tags":[],"class_list":["post-93966","post","type-post","status-publish","format-standard","has-post-thumbnail","hentry","category-uncategorized"],"aioseo_notices":[],"_links":{"self":[{"href":"https:\/\/estado29.mx\/index.php?rest_route=\/wp\/v2\/posts\/93966","targetHints":{"allow":["GET"]}}],"collection":[{"href":"https:\/\/estado29.mx\/index.php?rest_route=\/wp\/v2\/posts"}],"about":[{"href":"https:\/\/estado29.mx\/index.php?rest_route=\/wp\/v2\/types\/post"}],"author":[{"embeddable":true,"href":"https:\/\/estado29.mx\/index.php?rest_route=\/wp\/v2\/users\/4"}],"replies":[{"embeddable":true,"href":"https:\/\/estado29.mx\/index.php?rest_route=%2Fwp%2Fv2%2Fcomments&post=93966"}],"version-history":[{"count":1,"href":"https:\/\/estado29.mx\/index.php?rest_route=\/wp\/v2\/posts\/93966\/revisions"}],"predecessor-version":[{"id":93969,"href":"https:\/\/estado29.mx\/index.php?rest_route=\/wp\/v2\/posts\/93966\/revisions\/93969"}],"wp:featuredmedia":[{"embeddable":true,"href":"https:\/\/estado29.mx\/index.php?rest_route=\/wp\/v2\/media\/93968"}],"wp:attachment":[{"href":"https:\/\/estado29.mx\/index.php?rest_route=%2Fwp%2Fv2%2Fmedia&parent=93966"}],"wp:term":[{"taxonomy":"category","embeddable":true,"href":"https:\/\/estado29.mx\/index.php?rest_route=%2Fwp%2Fv2%2Fcategories&post=93966"},{"taxonomy":"post_tag","embeddable":true,"href":"https:\/\/estado29.mx\/index.php?rest_route=%2Fwp%2Fv2%2Ftags&post=93966"}],"curies":[{"name":"wp","href":"https:\/\/api.w.org\/{rel}","templated":true}]}}