{"id":93967,"date":"2025-03-07T00:53:30","date_gmt":"2025-03-07T00:53:30","guid":{"rendered":"https:\/\/estado29.mx\/?p=93967"},"modified":"2025-03-07T00:55:54","modified_gmt":"2025-03-07T00:55:54","slug":"lleva-a-cabo-smdif-de-huamantla-en-coordinacion-con-fundacion-clisa-entrega-de-lentes-gratuitos-a-ninos-y-ninas","status":"publish","type":"post","link":"https:\/\/estado29.mx\/?p=93967","title":{"rendered":"Lleva a cabo SMDIF de Huamantla en coordinaci\u00f3n con Fundaci\u00f3n CLISA entrega de lentes gratuitos a ni\u00f1os y ni\u00f1as."},"content":{"rendered":"\n<p><br>Este jueves 6 de marzo, el Sistema Municipal para el Desarrollo Integral de la Familia en Huamantla (SMDIF) en coordinaci\u00f3n con la Fundaci\u00f3n CLISA llev\u00f3 a cabo la entrega de lentes gratuitos a ni\u00f1os y ni\u00f1as de este lugar.<\/p>\n\n\n\n<p>Esta entrega, tuvo lugar en las instalaciones de la Ex Cancha 13, encabezada por la presidenta del SMDIF, Mar\u00eda del Roc\u00edo Hern\u00e1ndez Castillo, en representaci\u00f3n del Presidente Juan Salvador Santos Cedillo, en su mensaje, dijo que el alcalde siempre ha querido ser parte del desarrollo de los habitantes de este lugar.<\/p>\n\n\n\n<figure class=\"wp-block-image size-full\"><img loading=\"lazy\" decoding=\"async\" width=\"421\" height=\"420\" src=\"https:\/\/estado29.mx\/wp-content\/uploads\/2025\/03\/Screenshot_2025-03-06-14-54-09-3272.jpg\" alt=\"\" class=\"wp-image-93971\" srcset=\"https:\/\/estado29.mx\/wp-content\/uploads\/2025\/03\/Screenshot_2025-03-06-14-54-09-3272.jpg 421w, https:\/\/estado29.mx\/wp-content\/uploads\/2025\/03\/Screenshot_2025-03-06-14-54-09-3272-300x300.jpg 300w, https:\/\/estado29.mx\/wp-content\/uploads\/2025\/03\/Screenshot_2025-03-06-14-54-09-3272-150x150.jpg 150w, https:\/\/estado29.mx\/wp-content\/uploads\/2025\/03\/Screenshot_2025-03-06-14-54-09-3272-75x75.jpg 75w, https:\/\/estado29.mx\/wp-content\/uploads\/2025\/03\/Screenshot_2025-03-06-14-54-09-3272-350x350.jpg 350w\" sizes=\"auto, (max-width: 421px) 100vw, 421px\" \/><\/figure>\n\n\n\n<p>\u00c1ngeles Montes Valencia, representante de la Fundaci\u00f3n CLISA, puntualiz\u00f3 que mediante esta entrega de lentes se brinda a los ni\u00f1os y ni\u00f1as, mejores oportunidades escolares, as\u00ed como la importancia de la detecci\u00f3n de la necesidad de \u00e9stos.<\/p>\n\n\n\n<p>Monserrat Vargas Far\u00edas, Directora de Bienestar en Huamantla, dijo que en \u201cesta entrega, se benefici\u00f3 a m\u00e1s de 90 ni\u00f1as y ni\u00f1os huamantlecos, brind\u00e1ndoles mejores oportunidades visuales, para un mejor desempe\u00f1o acad\u00e9mico y personal\u201d.<\/p>\n\n\n<figure class=\"wp-block-post-featured-image\"><img loading=\"lazy\" decoding=\"async\" width=\"1280\" height=\"854\" src=\"https:\/\/estado29.mx\/wp-content\/uploads\/2025\/03\/IMG-20250306-WA0034.jpg\" class=\"attachment-post-thumbnail size-post-thumbnail wp-post-image\" alt=\"\" style=\"object-fit:cover;\" srcset=\"https:\/\/estado29.mx\/wp-content\/uploads\/2025\/03\/IMG-20250306-WA0034.jpg 1280w, https:\/\/estado29.mx\/wp-content\/uploads\/2025\/03\/IMG-20250306-WA0034-300x200.jpg 300w, https:\/\/estado29.mx\/wp-content\/uploads\/2025\/03\/IMG-20250306-WA0034-1024x683.jpg 1024w, https:\/\/estado29.mx\/wp-content\/uploads\/2025\/03\/IMG-20250306-WA0034-768x512.jpg 768w, https:\/\/estado29.mx\/wp-content\/uploads\/2025\/03\/IMG-20250306-WA0034-750x500.jpg 750w, https:\/\/estado29.mx\/wp-content\/uploads\/2025\/03\/IMG-20250306-WA0034-1140x761.jpg 1140w\" sizes=\"auto, (max-width: 1280px) 100vw, 1280px\" \/><\/figure>\n\n\n<p><br>Asimismo, agradeci\u00f3 el \u201capoyo del presidente municipal Juan Salvador Santos Cedillo, quien con su liderazgo y compromiso impulsa acciones que generan un impacto positivo en la comunidad\u201d.<\/p>\n","protected":false},"excerpt":{"rendered":"<p>Este jueves 6 de marzo, el Sistema Municipal para el Desarrollo Integral de la Familia en Huamantla (SMDIF) en coordinaci\u00f3n con la Fundaci\u00f3n CLISA llev\u00f3 a cabo la entrega de lentes gratuitos a ni\u00f1os y ni\u00f1as de este lugar. Esta entrega, tuvo lugar en las instalaciones de la Ex Cancha 13, encabezada por la presidenta [&hellip;]<\/p>\n","protected":false},"author":7,"featured_media":93970,"comment_status":"open","ping_status":"open","sticky":false,"template":"","format":"standard","meta":{"om_disable_all_campaigns":false,"_monsterinsights_skip_tracking":false,"_monsterinsights_sitenote_active":false,"_monsterinsights_sitenote_note":"","_monsterinsights_sitenote_category":0,"jnews-multi-image_gallery":[],"jnews_single_post":{"format":"standard"},"jnews_primary_category":[],"footnotes":""},"categories":[1],"tags":[],"class_list":["post-93967","post","type-post","status-publish","format-standard","has-post-thumbnail","hentry","category-uncategorized"],"aioseo_notices":[],"_links":{"self":[{"href":"https:\/\/estado29.mx\/index.php?rest_route=\/wp\/v2\/posts\/93967","targetHints":{"allow":["GET"]}}],"collection":[{"href":"https:\/\/estado29.mx\/index.php?rest_route=\/wp\/v2\/posts"}],"about":[{"href":"https:\/\/estado29.mx\/index.php?rest_route=\/wp\/v2\/types\/post"}],"author":[{"embeddable":true,"href":"https:\/\/estado29.mx\/index.php?rest_route=\/wp\/v2\/users\/7"}],"replies":[{"embeddable":true,"href":"https:\/\/estado29.mx\/index.php?rest_route=%2Fwp%2Fv2%2Fcomments&post=93967"}],"version-history":[{"count":2,"href":"https:\/\/estado29.mx\/index.php?rest_route=\/wp\/v2\/posts\/93967\/revisions"}],"predecessor-version":[{"id":93974,"href":"https:\/\/estado29.mx\/index.php?rest_route=\/wp\/v2\/posts\/93967\/revisions\/93974"}],"wp:featuredmedia":[{"embeddable":true,"href":"https:\/\/estado29.mx\/index.php?rest_route=\/wp\/v2\/media\/93970"}],"wp:attachment":[{"href":"https:\/\/estado29.mx\/index.php?rest_route=%2Fwp%2Fv2%2Fmedia&parent=93967"}],"wp:term":[{"taxonomy":"category","embeddable":true,"href":"https:\/\/estado29.mx\/index.php?rest_route=%2Fwp%2Fv2%2Fcategories&post=93967"},{"taxonomy":"post_tag","embeddable":true,"href":"https:\/\/estado29.mx\/index.php?rest_route=%2Fwp%2Fv2%2Ftags&post=93967"}],"curies":[{"name":"wp","href":"https:\/\/api.w.org\/{rel}","templated":true}]}}