{"id":93976,"date":"2025-03-07T02:20:19","date_gmt":"2025-03-07T02:20:19","guid":{"rendered":"https:\/\/estado29.mx\/?p=93976"},"modified":"2025-03-07T02:20:20","modified_gmt":"2025-03-07T02:20:20","slug":"con-exito-se-realiza-en-centro-cultural-huamantla-la-primera-sesion-del-taller-ballet-para-el-alma","status":"publish","type":"post","link":"https:\/\/estado29.mx\/?p=93976","title":{"rendered":"Con \u00e9xito se realiza en Centro Cultural Huamantla la primera sesi\u00f3n del Taller \u201cBallet para el Alma\u201d."},"content":{"rendered":"\n<p> <br>Como parte de las actividades que se realizan en el Centro Cultural Huamantla, este jueves 6 de marzo, se llev\u00f3 a cabo la primera sesi\u00f3n del taller \u201cBallet para el Alma\u201d, impartido por Abiga\u00edl Herrera Aquino, bailarina de Ballet Cl\u00e1sico, Danza Contempor\u00e1nea y Danza Espa\u00f1ola, quien dijo que a trav\u00e9s del Programa Est\u00edmulos a la Creaci\u00f3n y Desarrollo Art\u00edstico, es que se hace posible impartir este tipo de talleres.<\/p>\n\n\n\n<figure class=\"wp-block-image size-large\"><img loading=\"lazy\" decoding=\"async\" width=\"1024\" height=\"768\" src=\"https:\/\/estado29.mx\/wp-content\/uploads\/2025\/03\/IMG_20250306_160528-min-1024x768.jpg\" alt=\"\" class=\"wp-image-93978\" srcset=\"https:\/\/estado29.mx\/wp-content\/uploads\/2025\/03\/IMG_20250306_160528-min-1024x768.jpg 1024w, https:\/\/estado29.mx\/wp-content\/uploads\/2025\/03\/IMG_20250306_160528-min-300x225.jpg 300w, https:\/\/estado29.mx\/wp-content\/uploads\/2025\/03\/IMG_20250306_160528-min-768x576.jpg 768w, https:\/\/estado29.mx\/wp-content\/uploads\/2025\/03\/IMG_20250306_160528-min-1536x1152.jpg 1536w, https:\/\/estado29.mx\/wp-content\/uploads\/2025\/03\/IMG_20250306_160528-min-2048x1536.jpg 2048w, https:\/\/estado29.mx\/wp-content\/uploads\/2025\/03\/IMG_20250306_160528-min-750x563.jpg 750w, https:\/\/estado29.mx\/wp-content\/uploads\/2025\/03\/IMG_20250306_160528-min-1140x855.jpg 1140w\" sizes=\"auto, (max-width: 1024px) 100vw, 1024px\" \/><\/figure>\n\n\n\n<p><br>Asimismo, hizo extensa la invitaci\u00f3n a la ciudadan\u00eda que no pudo acudir ayer jueves, para que el pr\u00f3ximo 11 de marzo participen en esta actividad, ya que el acceso a este taller no tiene costo alguno.<\/p>\n\n\n\n<figure class=\"wp-block-image size-large\"><img loading=\"lazy\" decoding=\"async\" width=\"1024\" height=\"768\" src=\"https:\/\/estado29.mx\/wp-content\/uploads\/2025\/03\/IMG_20250306_162252-min-1024x768.jpg\" alt=\"\" class=\"wp-image-93979\" srcset=\"https:\/\/estado29.mx\/wp-content\/uploads\/2025\/03\/IMG_20250306_162252-min-1024x768.jpg 1024w, https:\/\/estado29.mx\/wp-content\/uploads\/2025\/03\/IMG_20250306_162252-min-300x225.jpg 300w, https:\/\/estado29.mx\/wp-content\/uploads\/2025\/03\/IMG_20250306_162252-min-768x576.jpg 768w, https:\/\/estado29.mx\/wp-content\/uploads\/2025\/03\/IMG_20250306_162252-min-1536x1152.jpg 1536w, https:\/\/estado29.mx\/wp-content\/uploads\/2025\/03\/IMG_20250306_162252-min-2048x1536.jpg 2048w, https:\/\/estado29.mx\/wp-content\/uploads\/2025\/03\/IMG_20250306_162252-min-750x563.jpg 750w, https:\/\/estado29.mx\/wp-content\/uploads\/2025\/03\/IMG_20250306_162252-min-1140x855.jpg 1140w\" sizes=\"auto, (max-width: 1024px) 100vw, 1024px\" \/><\/figure>\n\n\n\n<p><br>Dentro de esta primera sesi\u00f3n, Abi Herrera, mostr\u00f3 a sus alumnas, las cinco posiciones b\u00e1sicas del ballet, adem\u00e1s de las herramientas como el tipo de zapato que se usa para esta danza.<\/p>\n\n\n\n<figure class=\"wp-block-image size-large\"><img loading=\"lazy\" decoding=\"async\" width=\"1024\" height=\"768\" src=\"https:\/\/estado29.mx\/wp-content\/uploads\/2025\/03\/IMG_20250306_160545-min-1024x768.jpg\" alt=\"\" class=\"wp-image-93980\" srcset=\"https:\/\/estado29.mx\/wp-content\/uploads\/2025\/03\/IMG_20250306_160545-min-1024x768.jpg 1024w, https:\/\/estado29.mx\/wp-content\/uploads\/2025\/03\/IMG_20250306_160545-min-300x225.jpg 300w, https:\/\/estado29.mx\/wp-content\/uploads\/2025\/03\/IMG_20250306_160545-min-768x576.jpg 768w, https:\/\/estado29.mx\/wp-content\/uploads\/2025\/03\/IMG_20250306_160545-min-1536x1152.jpg 1536w, https:\/\/estado29.mx\/wp-content\/uploads\/2025\/03\/IMG_20250306_160545-min-2048x1536.jpg 2048w, https:\/\/estado29.mx\/wp-content\/uploads\/2025\/03\/IMG_20250306_160545-min-750x563.jpg 750w, https:\/\/estado29.mx\/wp-content\/uploads\/2025\/03\/IMG_20250306_160545-min-1140x855.jpg 1140w\" sizes=\"auto, (max-width: 1024px) 100vw, 1024px\" \/><\/figure>\n\n\n\n<p><br>Para finalizar hizo extensa la invitaci\u00f3n, para que el pr\u00f3ximo 11 de marzo, que ser\u00e1 la segunda y \u00faltima clase, para que se sumen los pobladores a esta actividad, sin costo alguno y sin l\u00edmite de cupo.<\/p>\n\n\n<figure class=\"wp-block-post-featured-image\"><img loading=\"lazy\" decoding=\"async\" width=\"2560\" height=\"1920\" src=\"https:\/\/estado29.mx\/wp-content\/uploads\/2025\/03\/IMG_20250306_160956-min-scaled.jpg\" class=\"attachment-post-thumbnail size-post-thumbnail wp-post-image\" alt=\"\" style=\"object-fit:cover;\" srcset=\"https:\/\/estado29.mx\/wp-content\/uploads\/2025\/03\/IMG_20250306_160956-min-scaled.jpg 2560w, https:\/\/estado29.mx\/wp-content\/uploads\/2025\/03\/IMG_20250306_160956-min-300x225.jpg 300w, https:\/\/estado29.mx\/wp-content\/uploads\/2025\/03\/IMG_20250306_160956-min-1024x768.jpg 1024w, https:\/\/estado29.mx\/wp-content\/uploads\/2025\/03\/IMG_20250306_160956-min-768x576.jpg 768w, https:\/\/estado29.mx\/wp-content\/uploads\/2025\/03\/IMG_20250306_160956-min-1536x1152.jpg 1536w, https:\/\/estado29.mx\/wp-content\/uploads\/2025\/03\/IMG_20250306_160956-min-2048x1536.jpg 2048w, https:\/\/estado29.mx\/wp-content\/uploads\/2025\/03\/IMG_20250306_160956-min-750x563.jpg 750w, https:\/\/estado29.mx\/wp-content\/uploads\/2025\/03\/IMG_20250306_160956-min-1140x855.jpg 1140w\" sizes=\"auto, (max-width: 2560px) 100vw, 2560px\" \/><\/figure>","protected":false},"excerpt":{"rendered":"<p>Como parte de las actividades que se realizan en el Centro Cultural Huamantla, este jueves 6 de marzo, se llev\u00f3 a cabo la primera sesi\u00f3n del taller \u201cBallet para el Alma\u201d, impartido por Abiga\u00edl Herrera Aquino, bailarina de Ballet Cl\u00e1sico, Danza Contempor\u00e1nea y Danza Espa\u00f1ola, quien dijo que a trav\u00e9s del Programa Est\u00edmulos a la [&hellip;]<\/p>\n","protected":false},"author":7,"featured_media":93977,"comment_status":"open","ping_status":"open","sticky":false,"template":"","format":"standard","meta":{"om_disable_all_campaigns":false,"_monsterinsights_skip_tracking":false,"_monsterinsights_sitenote_active":false,"_monsterinsights_sitenote_note":"","_monsterinsights_sitenote_category":0,"jnews-multi-image_gallery":[],"jnews_single_post":{"format":"standard"},"jnews_primary_category":[],"footnotes":""},"categories":[1],"tags":[],"class_list":["post-93976","post","type-post","status-publish","format-standard","has-post-thumbnail","hentry","category-uncategorized"],"aioseo_notices":[],"_links":{"self":[{"href":"https:\/\/estado29.mx\/index.php?rest_route=\/wp\/v2\/posts\/93976","targetHints":{"allow":["GET"]}}],"collection":[{"href":"https:\/\/estado29.mx\/index.php?rest_route=\/wp\/v2\/posts"}],"about":[{"href":"https:\/\/estado29.mx\/index.php?rest_route=\/wp\/v2\/types\/post"}],"author":[{"embeddable":true,"href":"https:\/\/estado29.mx\/index.php?rest_route=\/wp\/v2\/users\/7"}],"replies":[{"embeddable":true,"href":"https:\/\/estado29.mx\/index.php?rest_route=%2Fwp%2Fv2%2Fcomments&post=93976"}],"version-history":[{"count":1,"href":"https:\/\/estado29.mx\/index.php?rest_route=\/wp\/v2\/posts\/93976\/revisions"}],"predecessor-version":[{"id":93981,"href":"https:\/\/estado29.mx\/index.php?rest_route=\/wp\/v2\/posts\/93976\/revisions\/93981"}],"wp:featuredmedia":[{"embeddable":true,"href":"https:\/\/estado29.mx\/index.php?rest_route=\/wp\/v2\/media\/93977"}],"wp:attachment":[{"href":"https:\/\/estado29.mx\/index.php?rest_route=%2Fwp%2Fv2%2Fmedia&parent=93976"}],"wp:term":[{"taxonomy":"category","embeddable":true,"href":"https:\/\/estado29.mx\/index.php?rest_route=%2Fwp%2Fv2%2Fcategories&post=93976"},{"taxonomy":"post_tag","embeddable":true,"href":"https:\/\/estado29.mx\/index.php?rest_route=%2Fwp%2Fv2%2Ftags&post=93976"}],"curies":[{"name":"wp","href":"https:\/\/api.w.org\/{rel}","templated":true}]}}