{"id":93982,"date":"2025-03-07T02:34:25","date_gmt":"2025-03-07T02:34:25","guid":{"rendered":"https:\/\/estado29.mx\/?p=93982"},"modified":"2025-03-07T02:34:25","modified_gmt":"2025-03-07T02:34:25","slug":"se-lleva-a-cabo-en-huamantla-el-primer-foro-escolar-para-erradicar-la-discriminacion","status":"publish","type":"post","link":"https:\/\/estado29.mx\/?p=93982","title":{"rendered":"Se lleva a cabo en Huamantla El Primer Foro Escolar para Erradicar la Discriminaci\u00f3n."},"content":{"rendered":"\n<p><br>Este jueves 6 de marzo, se realiz\u00f3 en el Centro Cultural Huamantla, El Primer Foro Escolar para Erradicar la Discriminaci\u00f3n, dirigido por Carol Esp\u00edndola S\u00e1nchez, Directora de la Escuela primaria Benito Ju\u00e1rez de este municipio, quien dijo que esta actividad, estuvo dirigida a estudiantes de sextos grados.<\/p>\n\n\n\n<p><br>Asimismo, agreg\u00f3 que en este foro, se tuvo la participaci\u00f3n de cuatro ponentes, quienes de forma expl\u00edcita abordaron diversos aspectos del tema en menci\u00f3n, como testimonios personales de discriminaci\u00f3n, datos emitidos mediante informes por la Comisi\u00f3n Estatal de Derechos Humanos, as\u00ed como las estrategias para su erradicaci\u00f3n.<\/p>\n\n\n\n<p><br>Carol Esp\u00edndola S\u00e1nchez, puntualiz\u00f3 que con estas actividades, se espera que en pr\u00f3ximas fechas, se lleven a cabo este tipo de Foros para crear en los estudiantes, conciencia de los efectos que provoca la discriminaci\u00f3n en quienes son v\u00edctimas de ella.<\/p>\n\n\n\n<p><br>Para finalizar el evento, se hizo entrega de reconocimientos a los ponentes que impartieron estas conferencias y a los organizadores de este Foro.<\/p>\n\n\n<figure class=\"wp-block-post-featured-image\"><img loading=\"lazy\" decoding=\"async\" width=\"738\" height=\"415\" src=\"https:\/\/estado29.mx\/wp-content\/uploads\/2024\/10\/2022-08-04.jpg\" class=\"attachment-post-thumbnail size-post-thumbnail wp-post-image\" alt=\"\" style=\"object-fit:cover;\" srcset=\"https:\/\/estado29.mx\/wp-content\/uploads\/2024\/10\/2022-08-04.jpg 738w, https:\/\/estado29.mx\/wp-content\/uploads\/2024\/10\/2022-08-04-300x169.jpg 300w\" sizes=\"auto, (max-width: 738px) 100vw, 738px\" \/><\/figure>","protected":false},"excerpt":{"rendered":"<p>Este jueves 6 de marzo, se realiz\u00f3 en el Centro Cultural Huamantla, El Primer Foro Escolar para Erradicar la Discriminaci\u00f3n, dirigido por Carol Esp\u00edndola S\u00e1nchez, Directora de la Escuela primaria Benito Ju\u00e1rez de este municipio, quien dijo que esta actividad, estuvo dirigida a estudiantes de sextos grados. Asimismo, agreg\u00f3 que en este foro, se tuvo [&hellip;]<\/p>\n","protected":false},"author":7,"featured_media":90835,"comment_status":"open","ping_status":"open","sticky":false,"template":"","format":"standard","meta":{"om_disable_all_campaigns":false,"_monsterinsights_skip_tracking":false,"_monsterinsights_sitenote_active":false,"_monsterinsights_sitenote_note":"","_monsterinsights_sitenote_category":0,"jnews-multi-image_gallery":[],"jnews_single_post":{"format":"standard"},"jnews_primary_category":[],"footnotes":""},"categories":[1],"tags":[],"class_list":["post-93982","post","type-post","status-publish","format-standard","has-post-thumbnail","hentry","category-uncategorized"],"aioseo_notices":[],"_links":{"self":[{"href":"https:\/\/estado29.mx\/index.php?rest_route=\/wp\/v2\/posts\/93982","targetHints":{"allow":["GET"]}}],"collection":[{"href":"https:\/\/estado29.mx\/index.php?rest_route=\/wp\/v2\/posts"}],"about":[{"href":"https:\/\/estado29.mx\/index.php?rest_route=\/wp\/v2\/types\/post"}],"author":[{"embeddable":true,"href":"https:\/\/estado29.mx\/index.php?rest_route=\/wp\/v2\/users\/7"}],"replies":[{"embeddable":true,"href":"https:\/\/estado29.mx\/index.php?rest_route=%2Fwp%2Fv2%2Fcomments&post=93982"}],"version-history":[{"count":1,"href":"https:\/\/estado29.mx\/index.php?rest_route=\/wp\/v2\/posts\/93982\/revisions"}],"predecessor-version":[{"id":93986,"href":"https:\/\/estado29.mx\/index.php?rest_route=\/wp\/v2\/posts\/93982\/revisions\/93986"}],"wp:featuredmedia":[{"embeddable":true,"href":"https:\/\/estado29.mx\/index.php?rest_route=\/wp\/v2\/media\/90835"}],"wp:attachment":[{"href":"https:\/\/estado29.mx\/index.php?rest_route=%2Fwp%2Fv2%2Fmedia&parent=93982"}],"wp:term":[{"taxonomy":"category","embeddable":true,"href":"https:\/\/estado29.mx\/index.php?rest_route=%2Fwp%2Fv2%2Fcategories&post=93982"},{"taxonomy":"post_tag","embeddable":true,"href":"https:\/\/estado29.mx\/index.php?rest_route=%2Fwp%2Fv2%2Ftags&post=93982"}],"curies":[{"name":"wp","href":"https:\/\/api.w.org\/{rel}","templated":true}]}}