{"id":94008,"date":"2025-03-07T19:23:08","date_gmt":"2025-03-07T19:23:08","guid":{"rendered":"https:\/\/estado29.mx\/?p=94008"},"modified":"2025-03-07T19:23:09","modified_gmt":"2025-03-07T19:23:09","slug":"inicia-este-viernes-7-de-marzo-el-12-festival-del-muegano-en-huamantla","status":"publish","type":"post","link":"https:\/\/estado29.mx\/?p=94008","title":{"rendered":"Inicia este Viernes 7 de Marzo el 12\u00b0 Festival del Mu\u00e9gano en Huamantla."},"content":{"rendered":"\n<p><br>La Asociaci\u00f3n Cultural Piedra de Sol, hace extensa la invitaci\u00f3n a la ciudadan\u00eda en general para que sean part\u00edcipes del 12\u00b0 Festival del Mu\u00e9gano, que dar\u00e1 inicio el d\u00eda de hoy viernes 7 de marzo y concluir\u00e1 el pr\u00f3ximo 20 de abril, a partir de las cinco de la tarde.<\/p>\n\n\n\n<p>Silvia Rojas, integrantes de la asociaci\u00f3n Piedra de Sol, detall\u00f3 de qu\u00e9 manera se desarrollar\u00e1n estas actividades y c\u00f3mo se organiz\u00f3 este festival del mu\u00e9gano en los barrios de Huamantla.<\/p>\n\n\n\n<p><br>De igual forma, dijo que dentro de las actividades inaugurales, se tendr\u00e1 un recital de viol\u00edn, muestra de poes\u00eda y fotogr\u00e1fica, un taller de poes\u00eda y un taller de libro mu\u00e9gano.<\/p>\n\n\n\n<p><br>Para finalizar hizo extensa la invitaci\u00f3n a las familias huamantlecas para que acudan y sean part\u00edcipes de este evento, apto para todas las edades.<\/p>\n\n\n<figure class=\"wp-block-post-featured-image\"><img loading=\"lazy\" decoding=\"async\" width=\"1127\" height=\"1500\" src=\"https:\/\/estado29.mx\/wp-content\/uploads\/2025\/03\/IMG-20250306-WA0045.jpg\" class=\"attachment-post-thumbnail size-post-thumbnail wp-post-image\" alt=\"\" style=\"object-fit:cover;\" srcset=\"https:\/\/estado29.mx\/wp-content\/uploads\/2025\/03\/IMG-20250306-WA0045.jpg 1127w, https:\/\/estado29.mx\/wp-content\/uploads\/2025\/03\/IMG-20250306-WA0045-225x300.jpg 225w, https:\/\/estado29.mx\/wp-content\/uploads\/2025\/03\/IMG-20250306-WA0045-769x1024.jpg 769w, https:\/\/estado29.mx\/wp-content\/uploads\/2025\/03\/IMG-20250306-WA0045-768x1022.jpg 768w, https:\/\/estado29.mx\/wp-content\/uploads\/2025\/03\/IMG-20250306-WA0045-750x998.jpg 750w\" sizes=\"auto, (max-width: 1127px) 100vw, 1127px\" \/><\/figure>","protected":false},"excerpt":{"rendered":"<p>La Asociaci\u00f3n Cultural Piedra de Sol, hace extensa la invitaci\u00f3n a la ciudadan\u00eda en general para que sean part\u00edcipes del 12\u00b0 Festival del Mu\u00e9gano, que dar\u00e1 inicio el d\u00eda de hoy viernes 7 de marzo y concluir\u00e1 el pr\u00f3ximo 20 de abril, a partir de las cinco de la tarde. Silvia Rojas, integrantes de la [&hellip;]<\/p>\n","protected":false},"author":7,"featured_media":94009,"comment_status":"open","ping_status":"open","sticky":false,"template":"","format":"standard","meta":{"om_disable_all_campaigns":false,"_monsterinsights_skip_tracking":false,"_monsterinsights_sitenote_active":false,"_monsterinsights_sitenote_note":"","_monsterinsights_sitenote_category":0,"jnews-multi-image_gallery":[],"jnews_single_post":{"format":"standard"},"jnews_primary_category":[],"footnotes":""},"categories":[1],"tags":[],"class_list":["post-94008","post","type-post","status-publish","format-standard","has-post-thumbnail","hentry","category-uncategorized"],"aioseo_notices":[],"_links":{"self":[{"href":"https:\/\/estado29.mx\/index.php?rest_route=\/wp\/v2\/posts\/94008","targetHints":{"allow":["GET"]}}],"collection":[{"href":"https:\/\/estado29.mx\/index.php?rest_route=\/wp\/v2\/posts"}],"about":[{"href":"https:\/\/estado29.mx\/index.php?rest_route=\/wp\/v2\/types\/post"}],"author":[{"embeddable":true,"href":"https:\/\/estado29.mx\/index.php?rest_route=\/wp\/v2\/users\/7"}],"replies":[{"embeddable":true,"href":"https:\/\/estado29.mx\/index.php?rest_route=%2Fwp%2Fv2%2Fcomments&post=94008"}],"version-history":[{"count":1,"href":"https:\/\/estado29.mx\/index.php?rest_route=\/wp\/v2\/posts\/94008\/revisions"}],"predecessor-version":[{"id":94010,"href":"https:\/\/estado29.mx\/index.php?rest_route=\/wp\/v2\/posts\/94008\/revisions\/94010"}],"wp:featuredmedia":[{"embeddable":true,"href":"https:\/\/estado29.mx\/index.php?rest_route=\/wp\/v2\/media\/94009"}],"wp:attachment":[{"href":"https:\/\/estado29.mx\/index.php?rest_route=%2Fwp%2Fv2%2Fmedia&parent=94008"}],"wp:term":[{"taxonomy":"category","embeddable":true,"href":"https:\/\/estado29.mx\/index.php?rest_route=%2Fwp%2Fv2%2Fcategories&post=94008"},{"taxonomy":"post_tag","embeddable":true,"href":"https:\/\/estado29.mx\/index.php?rest_route=%2Fwp%2Fv2%2Ftags&post=94008"}],"curies":[{"name":"wp","href":"https:\/\/api.w.org\/{rel}","templated":true}]}}