{"id":94011,"date":"2025-03-07T19:26:30","date_gmt":"2025-03-07T19:26:30","guid":{"rendered":"https:\/\/estado29.mx\/?p=94011"},"modified":"2025-03-07T19:26:31","modified_gmt":"2025-03-07T19:26:31","slug":"llevaran-a-cabo-alumnos-del-taller-de-artes-plasticas-del-centro-cultural-huamantla-exposicion-conmemorativa-al-dia-internacional-de-la-mujer","status":"publish","type":"post","link":"https:\/\/estado29.mx\/?p=94011","title":{"rendered":"Llevar\u00e1n a cabo alumnos del Taller de Artes Pl\u00e1sticas del Centro Cultural Huamantla Exposici\u00f3n Conmemorativa al D\u00eda Internacional de la Mujer."},"content":{"rendered":"\n<p><\/p>\n\n\n\n<p>Como parte de las actividades que se llevar\u00e1n a cabo dentro del marco de la Conmemoraci\u00f3n del D\u00eda Internacional de la Mujer, en el Centro Cultural Huamantla, alumnos del taller de Artes Pl\u00e1sticas, montar\u00e1n una exposici\u00f3n, la cu\u00e1l ser\u00e1 de acceso gratuito a la poblaci\u00f3n en general.<\/p>\n\n\n\n<figure class=\"wp-block-image size-large\"><img loading=\"lazy\" decoding=\"async\" width=\"1024\" height=\"768\" src=\"https:\/\/estado29.mx\/wp-content\/uploads\/2025\/03\/IMG_20250306_163925-min-1024x768.jpg\" alt=\"\" class=\"wp-image-94013\" srcset=\"https:\/\/estado29.mx\/wp-content\/uploads\/2025\/03\/IMG_20250306_163925-min-1024x768.jpg 1024w, https:\/\/estado29.mx\/wp-content\/uploads\/2025\/03\/IMG_20250306_163925-min-300x225.jpg 300w, https:\/\/estado29.mx\/wp-content\/uploads\/2025\/03\/IMG_20250306_163925-min-768x576.jpg 768w, https:\/\/estado29.mx\/wp-content\/uploads\/2025\/03\/IMG_20250306_163925-min-1536x1152.jpg 1536w, https:\/\/estado29.mx\/wp-content\/uploads\/2025\/03\/IMG_20250306_163925-min-2048x1536.jpg 2048w, https:\/\/estado29.mx\/wp-content\/uploads\/2025\/03\/IMG_20250306_163925-min-750x563.jpg 750w, https:\/\/estado29.mx\/wp-content\/uploads\/2025\/03\/IMG_20250306_163925-min-1140x855.jpg 1140w\" sizes=\"auto, (max-width: 1024px) 100vw, 1024px\" \/><\/figure>\n\n\n\n<p><br>El Maestro de este taller, Paulo Cesar Anaya Fuetes, detall\u00f3 que en esta exposici\u00f3n participar\u00e1n los dos grupos que tiene a cargo, con edades desde cinco hasta 18 a\u00f1os, en donde a trav\u00e9s de esta contracartograf\u00eda se busca que estos movimientos , cambien la perspectiva y forma de manifestarse.<\/p>\n\n\n\n<p><br>Asimismo, dijo que en esta exposici\u00f3n se apreciar\u00e1n alrededor de 26 contracartograf\u00edas, en donde, \u201cen cuanto a los ni\u00f1os, se busca que entiendan la forma en c\u00f3mo est\u00e1n totalmente asediados cotidianamente con todos los movimientos que tenemos, basada en el peri\u00f3dico, notas rojas, as\u00ed como dem\u00e1s medios que d\u00eda a d\u00eda nos bombardean con todo tipo de informaci\u00f3n&#8221;.<\/p>\n\n\n<figure class=\"wp-block-post-featured-image\"><img loading=\"lazy\" decoding=\"async\" width=\"1920\" height=\"2560\" src=\"https:\/\/estado29.mx\/wp-content\/uploads\/2025\/03\/IMG_20250306_163948-min-scaled.jpg\" class=\"attachment-post-thumbnail size-post-thumbnail wp-post-image\" alt=\"\" style=\"object-fit:cover;\" srcset=\"https:\/\/estado29.mx\/wp-content\/uploads\/2025\/03\/IMG_20250306_163948-min-scaled.jpg 1920w, https:\/\/estado29.mx\/wp-content\/uploads\/2025\/03\/IMG_20250306_163948-min-225x300.jpg 225w, https:\/\/estado29.mx\/wp-content\/uploads\/2025\/03\/IMG_20250306_163948-min-768x1024.jpg 768w, https:\/\/estado29.mx\/wp-content\/uploads\/2025\/03\/IMG_20250306_163948-min-1152x1536.jpg 1152w, https:\/\/estado29.mx\/wp-content\/uploads\/2025\/03\/IMG_20250306_163948-min-1536x2048.jpg 1536w, https:\/\/estado29.mx\/wp-content\/uploads\/2025\/03\/IMG_20250306_163948-min-750x1000.jpg 750w, https:\/\/estado29.mx\/wp-content\/uploads\/2025\/03\/IMG_20250306_163948-min-1140x1520.jpg 1140w\" sizes=\"auto, (max-width: 1920px) 100vw, 1920px\" \/><\/figure>","protected":false},"excerpt":{"rendered":"<p>Como parte de las actividades que se llevar\u00e1n a cabo dentro del marco de la Conmemoraci\u00f3n del D\u00eda Internacional de la Mujer, en el Centro Cultural Huamantla, alumnos del taller de Artes Pl\u00e1sticas, montar\u00e1n una exposici\u00f3n, la cu\u00e1l ser\u00e1 de acceso gratuito a la poblaci\u00f3n en general. El Maestro de este taller, Paulo Cesar Anaya [&hellip;]<\/p>\n","protected":false},"author":7,"featured_media":94012,"comment_status":"open","ping_status":"open","sticky":false,"template":"","format":"standard","meta":{"om_disable_all_campaigns":false,"_monsterinsights_skip_tracking":false,"_monsterinsights_sitenote_active":false,"_monsterinsights_sitenote_note":"","_monsterinsights_sitenote_category":0,"jnews-multi-image_gallery":[],"jnews_single_post":{"format":"standard"},"jnews_primary_category":[],"footnotes":""},"categories":[1],"tags":[],"class_list":["post-94011","post","type-post","status-publish","format-standard","has-post-thumbnail","hentry","category-uncategorized"],"aioseo_notices":[],"_links":{"self":[{"href":"https:\/\/estado29.mx\/index.php?rest_route=\/wp\/v2\/posts\/94011","targetHints":{"allow":["GET"]}}],"collection":[{"href":"https:\/\/estado29.mx\/index.php?rest_route=\/wp\/v2\/posts"}],"about":[{"href":"https:\/\/estado29.mx\/index.php?rest_route=\/wp\/v2\/types\/post"}],"author":[{"embeddable":true,"href":"https:\/\/estado29.mx\/index.php?rest_route=\/wp\/v2\/users\/7"}],"replies":[{"embeddable":true,"href":"https:\/\/estado29.mx\/index.php?rest_route=%2Fwp%2Fv2%2Fcomments&post=94011"}],"version-history":[{"count":1,"href":"https:\/\/estado29.mx\/index.php?rest_route=\/wp\/v2\/posts\/94011\/revisions"}],"predecessor-version":[{"id":94014,"href":"https:\/\/estado29.mx\/index.php?rest_route=\/wp\/v2\/posts\/94011\/revisions\/94014"}],"wp:featuredmedia":[{"embeddable":true,"href":"https:\/\/estado29.mx\/index.php?rest_route=\/wp\/v2\/media\/94012"}],"wp:attachment":[{"href":"https:\/\/estado29.mx\/index.php?rest_route=%2Fwp%2Fv2%2Fmedia&parent=94011"}],"wp:term":[{"taxonomy":"category","embeddable":true,"href":"https:\/\/estado29.mx\/index.php?rest_route=%2Fwp%2Fv2%2Fcategories&post=94011"},{"taxonomy":"post_tag","embeddable":true,"href":"https:\/\/estado29.mx\/index.php?rest_route=%2Fwp%2Fv2%2Ftags&post=94011"}],"curies":[{"name":"wp","href":"https:\/\/api.w.org\/{rel}","templated":true}]}}