{"id":94016,"date":"2025-03-07T19:28:56","date_gmt":"2025-03-07T19:28:56","guid":{"rendered":"https:\/\/estado29.mx\/?p=94016"},"modified":"2025-03-07T19:28:57","modified_gmt":"2025-03-07T19:28:57","slug":"ixtenco-fortalece-la-seguridad-con-curso-de-manejo-de-extintores-y-gas-lp","status":"publish","type":"post","link":"https:\/\/estado29.mx\/?p=94016","title":{"rendered":"Ixtenco fortalece la seguridad con curso de manejo de extintores y gas LP."},"content":{"rendered":"\n<p><\/p>\n\n\n\n<p>El \u00c1rea de Protecci\u00f3n Civil, en coordinaci\u00f3n con el Ayuntamiento de Ixtenco, que preside Miriam Aline Lazo Caballero, invita a la poblaci\u00f3n a participar en el curso-capacitaci\u00f3n sobre Manejo y Uso de Extintores y Gas LP, un esfuerzo por reforzar la cultura de la prevenci\u00f3n y la seguridad en el municipio.<\/p>\n\n\n\n<p>El curso se llevar\u00e1 a cabo el pr\u00f3ximo 10 de marzo de 2025 en la Unidad Deportiva Tlahuicole a partir de las 10:00 de la ma\u00f1ana y ser\u00e1 impartido por instructores de la Comisi\u00f3n Estatal de Protecci\u00f3n Civil, quienes compartir\u00e1n conocimientos esenciales para actuar de manera eficiente en situaciones de emergencia.<\/p>\n\n\n\n<p>Los asistentes recibir\u00e1n una constancia de participaci\u00f3n avalada por la Comisi\u00f3n Estatal de Protecci\u00f3n Civil, lo que contribuir\u00e1 a su formaci\u00f3n en materia de seguridad. <\/p>\n\n\n\n<p>Es importante agregar, que para tomar el curso, se recomienda llevar un extintor (opcional), as\u00ed como l\u00e1piz, libreta y ropa c\u00f3moda.<\/p>\n\n\n\n<p>El coordinador del \u00c1rea de Protecci\u00f3n Civil de Ixtenco, C\u00e9sar Omar Ordo\u00f1es Moreno, destac\u00f3 la importancia de estas capacitaciones para garantizar que la ciudadan\u00eda cuente con herramientas necesarias para responder ante posibles incidentes.<\/p>\n\n\n\n<p>La seguridad y la prevenci\u00f3n dependen del compromiso y preparaci\u00f3n de la poblaci\u00f3n. Por ello, el Ayuntamiento de Ixtenco, a trav\u00e9s de Protecci\u00f3n Civil, hace un llamado a los habitantes a aprovechar esta oportunidad de formaci\u00f3n.<\/p>\n\n\n\n<p>Para m\u00e1s informaci\u00f3n, los interesados pueden acudir a las oficinas del \u00c1rea de Protecci\u00f3n Civil en Ixtenco.<\/p>\n\n\n\n<p>Este evento reafirma el compromiso de la presidenta municipal Aline Lazo Caballero y su administraci\u00f3n con la protecci\u00f3n y bienestar de la comunidad, promoviendo acciones preventivas que pueden marcar la diferencia en situaciones de riesgo.<\/p>\n\n\n<figure class=\"wp-block-post-featured-image\"><img loading=\"lazy\" decoding=\"async\" width=\"2048\" height=\"2048\" src=\"https:\/\/estado29.mx\/wp-content\/uploads\/2025\/03\/IMG-20250306-WA0028.jpg\" class=\"attachment-post-thumbnail size-post-thumbnail wp-post-image\" alt=\"\" style=\"object-fit:cover;\" srcset=\"https:\/\/estado29.mx\/wp-content\/uploads\/2025\/03\/IMG-20250306-WA0028.jpg 2048w, https:\/\/estado29.mx\/wp-content\/uploads\/2025\/03\/IMG-20250306-WA0028-300x300.jpg 300w, https:\/\/estado29.mx\/wp-content\/uploads\/2025\/03\/IMG-20250306-WA0028-1024x1024.jpg 1024w, https:\/\/estado29.mx\/wp-content\/uploads\/2025\/03\/IMG-20250306-WA0028-150x150.jpg 150w, https:\/\/estado29.mx\/wp-content\/uploads\/2025\/03\/IMG-20250306-WA0028-768x768.jpg 768w, https:\/\/estado29.mx\/wp-content\/uploads\/2025\/03\/IMG-20250306-WA0028-1536x1536.jpg 1536w, https:\/\/estado29.mx\/wp-content\/uploads\/2025\/03\/IMG-20250306-WA0028-75x75.jpg 75w, https:\/\/estado29.mx\/wp-content\/uploads\/2025\/03\/IMG-20250306-WA0028-350x350.jpg 350w, https:\/\/estado29.mx\/wp-content\/uploads\/2025\/03\/IMG-20250306-WA0028-750x750.jpg 750w, https:\/\/estado29.mx\/wp-content\/uploads\/2025\/03\/IMG-20250306-WA0028-1140x1140.jpg 1140w\" sizes=\"auto, (max-width: 2048px) 100vw, 2048px\" \/><\/figure>","protected":false},"excerpt":{"rendered":"<p>El \u00c1rea de Protecci\u00f3n Civil, en coordinaci\u00f3n con el Ayuntamiento de Ixtenco, que preside Miriam Aline Lazo Caballero, invita a la poblaci\u00f3n a participar en el curso-capacitaci\u00f3n sobre Manejo y Uso de Extintores y Gas LP, un esfuerzo por reforzar la cultura de la prevenci\u00f3n y la seguridad en el municipio. El curso se llevar\u00e1 [&hellip;]<\/p>\n","protected":false},"author":7,"featured_media":94017,"comment_status":"open","ping_status":"open","sticky":false,"template":"","format":"standard","meta":{"om_disable_all_campaigns":false,"_monsterinsights_skip_tracking":false,"_monsterinsights_sitenote_active":false,"_monsterinsights_sitenote_note":"","_monsterinsights_sitenote_category":0,"jnews-multi-image_gallery":[],"jnews_single_post":{"format":"standard"},"jnews_primary_category":[],"footnotes":""},"categories":[1],"tags":[],"class_list":["post-94016","post","type-post","status-publish","format-standard","has-post-thumbnail","hentry","category-uncategorized"],"aioseo_notices":[],"_links":{"self":[{"href":"https:\/\/estado29.mx\/index.php?rest_route=\/wp\/v2\/posts\/94016","targetHints":{"allow":["GET"]}}],"collection":[{"href":"https:\/\/estado29.mx\/index.php?rest_route=\/wp\/v2\/posts"}],"about":[{"href":"https:\/\/estado29.mx\/index.php?rest_route=\/wp\/v2\/types\/post"}],"author":[{"embeddable":true,"href":"https:\/\/estado29.mx\/index.php?rest_route=\/wp\/v2\/users\/7"}],"replies":[{"embeddable":true,"href":"https:\/\/estado29.mx\/index.php?rest_route=%2Fwp%2Fv2%2Fcomments&post=94016"}],"version-history":[{"count":1,"href":"https:\/\/estado29.mx\/index.php?rest_route=\/wp\/v2\/posts\/94016\/revisions"}],"predecessor-version":[{"id":94018,"href":"https:\/\/estado29.mx\/index.php?rest_route=\/wp\/v2\/posts\/94016\/revisions\/94018"}],"wp:featuredmedia":[{"embeddable":true,"href":"https:\/\/estado29.mx\/index.php?rest_route=\/wp\/v2\/media\/94017"}],"wp:attachment":[{"href":"https:\/\/estado29.mx\/index.php?rest_route=%2Fwp%2Fv2%2Fmedia&parent=94016"}],"wp:term":[{"taxonomy":"category","embeddable":true,"href":"https:\/\/estado29.mx\/index.php?rest_route=%2Fwp%2Fv2%2Fcategories&post=94016"},{"taxonomy":"post_tag","embeddable":true,"href":"https:\/\/estado29.mx\/index.php?rest_route=%2Fwp%2Fv2%2Ftags&post=94016"}],"curies":[{"name":"wp","href":"https:\/\/api.w.org\/{rel}","templated":true}]}}