{"id":94034,"date":"2025-03-08T04:00:15","date_gmt":"2025-03-08T04:00:15","guid":{"rendered":"https:\/\/estado29.mx\/?p=94034"},"modified":"2025-03-08T04:00:16","modified_gmt":"2025-03-08T04:00:16","slug":"entrega-ayuntamiento-de-huamantla-premio-paulina-maraver-en-la-conmemoracion-del-dia-internacional-de-la-mujer","status":"publish","type":"post","link":"https:\/\/estado29.mx\/?p=94034","title":{"rendered":"Entrega Ayuntamiento de Huamantla Premio Paulina Maraver en la Conmemoraci\u00f3n del D\u00eda Internacional de la Mujer."},"content":{"rendered":"\n<p><br>Dentro del marco de las actividades conmemorativas al D\u00eda Internacional de la Mujer, el Ayuntamiento de Huamantla, hizo entrega este viernes 7 de marzo, el Premio Paulina Maraver 2025, en su Cuarta Edici\u00f3n, a Mar\u00eda Rosal\u00eda Alicia N\u00fa\u00f1ez Contreras, quien mediante este premio es reconocida por su ardua labor en beneficio de Huamantla y trayectoria de vida profesional y personal.<\/p>\n\n\n\n<figure class=\"wp-block-image size-full\"><img loading=\"lazy\" decoding=\"async\" width=\"720\" height=\"621\" src=\"https:\/\/estado29.mx\/wp-content\/uploads\/2025\/03\/Screenshot_2025-03-07-21-55-39-0672.jpg\" alt=\"\" class=\"wp-image-94036\" srcset=\"https:\/\/estado29.mx\/wp-content\/uploads\/2025\/03\/Screenshot_2025-03-07-21-55-39-0672.jpg 720w, https:\/\/estado29.mx\/wp-content\/uploads\/2025\/03\/Screenshot_2025-03-07-21-55-39-0672-300x259.jpg 300w\" sizes=\"auto, (max-width: 720px) 100vw, 720px\" \/><\/figure>\n\n\n\n<p><br>El evento se desarroll\u00f3 en las instalaciones de Centro C\u00edvico, ante la asistencia de cientos de mujeres de comunidades y cabecera de este lugar, el Presidente Municipal de Huamantla, Juan Salvador Santos Cedillo, hizo entrega de este premio, que por cuarto a\u00f1o consecutivo se ha entregado a mujeres huamantlecas destacadas.<\/p>\n\n\n\n<p><br>En su mensaje, el alcalde dijo que fue dif\u00edcil para el cabildo decidir a qui\u00e9n elegir para este premio, asimismo, que la votaci\u00f3n se realiz\u00f3 en una sesi\u00f3n con los integrantes de \u00e9ste.<\/p>\n\n\n\n<figure class=\"wp-block-image size-large\"><img loading=\"lazy\" decoding=\"async\" width=\"1024\" height=\"768\" src=\"https:\/\/estado29.mx\/wp-content\/uploads\/2025\/03\/IMG_20250307_182802-min-1024x768.jpg\" alt=\"\" class=\"wp-image-94037\" srcset=\"https:\/\/estado29.mx\/wp-content\/uploads\/2025\/03\/IMG_20250307_182802-min-1024x768.jpg 1024w, https:\/\/estado29.mx\/wp-content\/uploads\/2025\/03\/IMG_20250307_182802-min-300x225.jpg 300w, https:\/\/estado29.mx\/wp-content\/uploads\/2025\/03\/IMG_20250307_182802-min-768x576.jpg 768w, https:\/\/estado29.mx\/wp-content\/uploads\/2025\/03\/IMG_20250307_182802-min-1536x1152.jpg 1536w, https:\/\/estado29.mx\/wp-content\/uploads\/2025\/03\/IMG_20250307_182802-min-2048x1536.jpg 2048w, https:\/\/estado29.mx\/wp-content\/uploads\/2025\/03\/IMG_20250307_182802-min-750x563.jpg 750w, https:\/\/estado29.mx\/wp-content\/uploads\/2025\/03\/IMG_20250307_182802-min-1140x855.jpg 1140w\" sizes=\"auto, (max-width: 1024px) 100vw, 1024px\" \/><\/figure>\n\n\n\n<p><br>Sumado a lo anterior, invit\u00f3 a los hombres y mujeres de Huamantla, al trabajo en colaboraci\u00f3n, a entender que no es lucha de g\u00e9neros para identificar el de mayor fuerza, sino realizar d\u00eda a d\u00eda trabajo en conjunto por una sociedad mejor.<\/p>\n\n\n\n<p><br>Por su parte, Mar\u00eda Rosal\u00eda Alicia N\u00fa\u00f1ez Contreras, entre llanto de alegr\u00eda por este reconocimiento, reconoci\u00f3 la labor que ha realizado el Presidente Juan Salvador Santos Cedillo, para lograr un mejor desarrollo y oportunidades para los habitantes del municipio y agradeci\u00f3 por esta premiaci\u00f3n a su labor en los diversos aspectos de su vida.<\/p>\n\n\n<figure class=\"wp-block-post-featured-image\"><img loading=\"lazy\" decoding=\"async\" width=\"2560\" height=\"1920\" src=\"https:\/\/estado29.mx\/wp-content\/uploads\/2025\/03\/IMG_20250307_185758-min-scaled.jpg\" class=\"attachment-post-thumbnail size-post-thumbnail wp-post-image\" alt=\"\" style=\"object-fit:cover;\" srcset=\"https:\/\/estado29.mx\/wp-content\/uploads\/2025\/03\/IMG_20250307_185758-min-scaled.jpg 2560w, https:\/\/estado29.mx\/wp-content\/uploads\/2025\/03\/IMG_20250307_185758-min-300x225.jpg 300w, https:\/\/estado29.mx\/wp-content\/uploads\/2025\/03\/IMG_20250307_185758-min-1024x768.jpg 1024w, https:\/\/estado29.mx\/wp-content\/uploads\/2025\/03\/IMG_20250307_185758-min-768x576.jpg 768w, https:\/\/estado29.mx\/wp-content\/uploads\/2025\/03\/IMG_20250307_185758-min-1536x1152.jpg 1536w, https:\/\/estado29.mx\/wp-content\/uploads\/2025\/03\/IMG_20250307_185758-min-2048x1536.jpg 2048w, https:\/\/estado29.mx\/wp-content\/uploads\/2025\/03\/IMG_20250307_185758-min-750x563.jpg 750w, https:\/\/estado29.mx\/wp-content\/uploads\/2025\/03\/IMG_20250307_185758-min-1140x855.jpg 1140w\" sizes=\"auto, (max-width: 2560px) 100vw, 2560px\" \/><\/figure>\n\n\n<p><br>Para finalizar el evento, se present\u00f3 una Obra de Teatro denominada \u201cT\u00f3xicas y Enamoradas\u201d.<\/p>\n\n\n\n<figure class=\"wp-block-image size-large\"><img loading=\"lazy\" decoding=\"async\" width=\"1024\" height=\"768\" src=\"https:\/\/estado29.mx\/wp-content\/uploads\/2025\/03\/IMG_20250307_184913-min-1024x768.jpg\" alt=\"\" class=\"wp-image-94038\" srcset=\"https:\/\/estado29.mx\/wp-content\/uploads\/2025\/03\/IMG_20250307_184913-min-1024x768.jpg 1024w, https:\/\/estado29.mx\/wp-content\/uploads\/2025\/03\/IMG_20250307_184913-min-300x225.jpg 300w, https:\/\/estado29.mx\/wp-content\/uploads\/2025\/03\/IMG_20250307_184913-min-768x576.jpg 768w, https:\/\/estado29.mx\/wp-content\/uploads\/2025\/03\/IMG_20250307_184913-min-1536x1152.jpg 1536w, https:\/\/estado29.mx\/wp-content\/uploads\/2025\/03\/IMG_20250307_184913-min-2048x1536.jpg 2048w, https:\/\/estado29.mx\/wp-content\/uploads\/2025\/03\/IMG_20250307_184913-min-750x563.jpg 750w, https:\/\/estado29.mx\/wp-content\/uploads\/2025\/03\/IMG_20250307_184913-min-1140x855.jpg 1140w\" sizes=\"auto, (max-width: 1024px) 100vw, 1024px\" \/><\/figure>\n","protected":false},"excerpt":{"rendered":"<p>Dentro del marco de las actividades conmemorativas al D\u00eda Internacional de la Mujer, el Ayuntamiento de Huamantla, hizo entrega este viernes 7 de marzo, el Premio Paulina Maraver 2025, en su Cuarta Edici\u00f3n, a Mar\u00eda Rosal\u00eda Alicia N\u00fa\u00f1ez Contreras, quien mediante este premio es reconocida por su ardua labor en beneficio de Huamantla y trayectoria [&hellip;]<\/p>\n","protected":false},"author":7,"featured_media":94035,"comment_status":"open","ping_status":"open","sticky":false,"template":"","format":"standard","meta":{"om_disable_all_campaigns":false,"_monsterinsights_skip_tracking":false,"_monsterinsights_sitenote_active":false,"_monsterinsights_sitenote_note":"","_monsterinsights_sitenote_category":0,"jnews-multi-image_gallery":[],"jnews_single_post":{"format":"standard"},"jnews_primary_category":[],"footnotes":""},"categories":[1],"tags":[],"class_list":["post-94034","post","type-post","status-publish","format-standard","has-post-thumbnail","hentry","category-uncategorized"],"aioseo_notices":[],"_links":{"self":[{"href":"https:\/\/estado29.mx\/index.php?rest_route=\/wp\/v2\/posts\/94034","targetHints":{"allow":["GET"]}}],"collection":[{"href":"https:\/\/estado29.mx\/index.php?rest_route=\/wp\/v2\/posts"}],"about":[{"href":"https:\/\/estado29.mx\/index.php?rest_route=\/wp\/v2\/types\/post"}],"author":[{"embeddable":true,"href":"https:\/\/estado29.mx\/index.php?rest_route=\/wp\/v2\/users\/7"}],"replies":[{"embeddable":true,"href":"https:\/\/estado29.mx\/index.php?rest_route=%2Fwp%2Fv2%2Fcomments&post=94034"}],"version-history":[{"count":1,"href":"https:\/\/estado29.mx\/index.php?rest_route=\/wp\/v2\/posts\/94034\/revisions"}],"predecessor-version":[{"id":94039,"href":"https:\/\/estado29.mx\/index.php?rest_route=\/wp\/v2\/posts\/94034\/revisions\/94039"}],"wp:featuredmedia":[{"embeddable":true,"href":"https:\/\/estado29.mx\/index.php?rest_route=\/wp\/v2\/media\/94035"}],"wp:attachment":[{"href":"https:\/\/estado29.mx\/index.php?rest_route=%2Fwp%2Fv2%2Fmedia&parent=94034"}],"wp:term":[{"taxonomy":"category","embeddable":true,"href":"https:\/\/estado29.mx\/index.php?rest_route=%2Fwp%2Fv2%2Fcategories&post=94034"},{"taxonomy":"post_tag","embeddable":true,"href":"https:\/\/estado29.mx\/index.php?rest_route=%2Fwp%2Fv2%2Ftags&post=94034"}],"curies":[{"name":"wp","href":"https:\/\/api.w.org\/{rel}","templated":true}]}}