{"id":94052,"date":"2025-03-08T15:52:57","date_gmt":"2025-03-08T15:52:57","guid":{"rendered":"https:\/\/estado29.mx\/?p=94052"},"modified":"2025-03-08T15:52:58","modified_gmt":"2025-03-08T15:52:58","slug":"apoyara-policia-de-huamantla-a-marcha-convocada-en-huamantla-del-8m","status":"publish","type":"post","link":"https:\/\/estado29.mx\/?p=94052","title":{"rendered":"Apoyar\u00e1 Policia de Huamantla a marcha convocada en Huamantla del 8M."},"content":{"rendered":"\n<p>Paco Ugarte.<\/p>\n\n\n\n<p>Gloria Lilia Checa Hern\u00e1ndez, Directora de la Direcci\u00f3n de Seguridad P\u00fablica de Huamantla, dio a conocer que en conmemoraci\u00f3n del D\u00eda Internacional de la Mujer se brindar\u00e1 acompa\u00f1amiento a las manifestaciones que se registren durante este d\u00eda.<\/p>\n\n\n\n<p>Se\u00f1al\u00f3 que hasta el momento s\u00f3lo se tiene la convocatoria por parte del Colectivo de Mujeres de Huamantla a las 4:00 de la tarde, dando inicio desde el DIF hasta el z\u00f3calo del pueblo m\u00e1gico.<\/p>\n\n\n\n<p>Por lo que se\u00f1al\u00f3 la polic\u00eda municipal brindar\u00e1 acomodamiento principalmente en el abanderamiento de vialidades para garantizar la seguridad de las asistentes.<\/p>\n\n\n\n<p>Expres\u00f3 que aunque no se han registrado otro tipo de acciones en el 8M, est\u00e1n preparados para garantizar La Paz social y seguridad de las manifestantes sin vulnerar sus derechos.<\/p>\n","protected":false},"excerpt":{"rendered":"<p>Paco Ugarte. Gloria Lilia Checa Hern\u00e1ndez, Directora de la Direcci\u00f3n de Seguridad P\u00fablica de Huamantla, dio a conocer que en conmemoraci\u00f3n del D\u00eda Internacional de la Mujer se brindar\u00e1 acompa\u00f1amiento a las manifestaciones que se registren durante este d\u00eda. Se\u00f1al\u00f3 que hasta el momento s\u00f3lo se tiene la convocatoria por parte del Colectivo de Mujeres [&hellip;]<\/p>\n","protected":false},"author":5,"featured_media":94053,"comment_status":"open","ping_status":"open","sticky":false,"template":"","format":"standard","meta":{"om_disable_all_campaigns":false,"_monsterinsights_skip_tracking":false,"_monsterinsights_sitenote_active":false,"_monsterinsights_sitenote_note":"","_monsterinsights_sitenote_category":0,"jnews-multi-image_gallery":[],"jnews_single_post":{"format":"standard"},"jnews_primary_category":[],"footnotes":""},"categories":[1],"tags":[],"class_list":["post-94052","post","type-post","status-publish","format-standard","has-post-thumbnail","hentry","category-uncategorized"],"aioseo_notices":[],"_links":{"self":[{"href":"https:\/\/estado29.mx\/index.php?rest_route=\/wp\/v2\/posts\/94052","targetHints":{"allow":["GET"]}}],"collection":[{"href":"https:\/\/estado29.mx\/index.php?rest_route=\/wp\/v2\/posts"}],"about":[{"href":"https:\/\/estado29.mx\/index.php?rest_route=\/wp\/v2\/types\/post"}],"author":[{"embeddable":true,"href":"https:\/\/estado29.mx\/index.php?rest_route=\/wp\/v2\/users\/5"}],"replies":[{"embeddable":true,"href":"https:\/\/estado29.mx\/index.php?rest_route=%2Fwp%2Fv2%2Fcomments&post=94052"}],"version-history":[{"count":1,"href":"https:\/\/estado29.mx\/index.php?rest_route=\/wp\/v2\/posts\/94052\/revisions"}],"predecessor-version":[{"id":94054,"href":"https:\/\/estado29.mx\/index.php?rest_route=\/wp\/v2\/posts\/94052\/revisions\/94054"}],"wp:featuredmedia":[{"embeddable":true,"href":"https:\/\/estado29.mx\/index.php?rest_route=\/wp\/v2\/media\/94053"}],"wp:attachment":[{"href":"https:\/\/estado29.mx\/index.php?rest_route=%2Fwp%2Fv2%2Fmedia&parent=94052"}],"wp:term":[{"taxonomy":"category","embeddable":true,"href":"https:\/\/estado29.mx\/index.php?rest_route=%2Fwp%2Fv2%2Fcategories&post=94052"},{"taxonomy":"post_tag","embeddable":true,"href":"https:\/\/estado29.mx\/index.php?rest_route=%2Fwp%2Fv2%2Ftags&post=94052"}],"curies":[{"name":"wp","href":"https:\/\/api.w.org\/{rel}","templated":true}]}}