{"id":94056,"date":"2025-03-08T23:55:40","date_gmt":"2025-03-08T23:55:40","guid":{"rendered":"https:\/\/estado29.mx\/?p=94056"},"modified":"2025-03-08T23:57:12","modified_gmt":"2025-03-08T23:57:12","slug":"huamantla-se-une-a-la-lucha-por-la-igualdad-de-genero-en-el-8m","status":"publish","type":"post","link":"https:\/\/estado29.mx\/?p=94056","title":{"rendered":"Huamantla se une a la lucha por la igualdad de g\u00e9nero en el 8M"},"content":{"rendered":"<figure class=\"wp-block-post-featured-image\"><img loading=\"lazy\" decoding=\"async\" width=\"1080\" height=\"817\" src=\"https:\/\/estado29.mx\/wp-content\/uploads\/2025\/03\/1000291823.jpg\" class=\"attachment-post-thumbnail size-post-thumbnail wp-post-image\" alt=\"\" style=\"object-fit:cover;\" srcset=\"https:\/\/estado29.mx\/wp-content\/uploads\/2025\/03\/1000291823.jpg 1080w, https:\/\/estado29.mx\/wp-content\/uploads\/2025\/03\/1000291823-300x227.jpg 300w, https:\/\/estado29.mx\/wp-content\/uploads\/2025\/03\/1000291823-1024x775.jpg 1024w, https:\/\/estado29.mx\/wp-content\/uploads\/2025\/03\/1000291823-768x581.jpg 768w, https:\/\/estado29.mx\/wp-content\/uploads\/2025\/03\/1000291823-750x567.jpg 750w\" sizes=\"auto, (max-width: 1080px) 100vw, 1080px\" \/><\/figure>\n\n\n<p>Esta tarde, la ciudad de Huamantla se sum\u00f3 a la conmemoraci\u00f3n del D\u00eda Internacional de la Mujer (8M) con una marcha pac\u00edfica que reuni\u00f3 a mujeres de todas las edades.<\/p>\n\n\n<figure class=\"wp-block-post-featured-image\"><img loading=\"lazy\" decoding=\"async\" width=\"1080\" height=\"817\" src=\"https:\/\/estado29.mx\/wp-content\/uploads\/2025\/03\/1000291823.jpg\" class=\"attachment-post-thumbnail size-post-thumbnail wp-post-image\" alt=\"\" style=\"object-fit:cover;\" srcset=\"https:\/\/estado29.mx\/wp-content\/uploads\/2025\/03\/1000291823.jpg 1080w, https:\/\/estado29.mx\/wp-content\/uploads\/2025\/03\/1000291823-300x227.jpg 300w, https:\/\/estado29.mx\/wp-content\/uploads\/2025\/03\/1000291823-1024x775.jpg 1024w, https:\/\/estado29.mx\/wp-content\/uploads\/2025\/03\/1000291823-768x581.jpg 768w, https:\/\/estado29.mx\/wp-content\/uploads\/2025\/03\/1000291823-750x567.jpg 750w\" sizes=\"auto, (max-width: 1080px) 100vw, 1080px\" \/><\/figure>\n\n\n<p>La marcha, que comenz\u00f3 despu\u00e9s de las 5:00 p.m., cont\u00f3 con la participaci\u00f3n de mujeres de diferentes edades, quienes levantaron la voz para demandar la igualdad de g\u00e9nero y el respeto a los derechos de las mujeres.Con carteles, pancartas y consignas, las participantes expresaron su compromiso con la lucha por la igualdad y la justicia social. La marcha se desarroll\u00f3 de manera pac\u00edfica y cont\u00f3 con el apoyo de Protecci\u00f3n Civil y elementos de la polic\u00eda municipal, mujeres y en acompa\u00f1amiento, la Comisi\u00f3n Estatal de Derechos Humanos.<\/p>\n\n\n\n<p>La conmemoraci\u00f3n del 8M en Huamantla se suma a las actividades que se realizan en todo el mundo para promover la igualdad de g\u00e9nero y el empoderamiento de las mujeres.<\/p>\n","protected":false},"excerpt":{"rendered":"<p>Esta tarde, la ciudad de Huamantla se sum\u00f3 a la conmemoraci\u00f3n del D\u00eda Internacional de la Mujer (8M) con una marcha pac\u00edfica que reuni\u00f3 a mujeres de todas las edades. La marcha, que comenz\u00f3 despu\u00e9s de las 5:00 p.m., cont\u00f3 con la participaci\u00f3n de mujeres de diferentes edades, quienes levantaron la voz para demandar la [&hellip;]<\/p>\n","protected":false},"author":4,"featured_media":94058,"comment_status":"open","ping_status":"open","sticky":false,"template":"","format":"standard","meta":{"om_disable_all_campaigns":false,"_monsterinsights_skip_tracking":false,"_monsterinsights_sitenote_active":false,"_monsterinsights_sitenote_note":"","_monsterinsights_sitenote_category":0,"jnews-multi-image_gallery":[],"jnews_single_post":{"format":"standard"},"jnews_primary_category":[],"footnotes":""},"categories":[1],"tags":[],"class_list":["post-94056","post","type-post","status-publish","format-standard","has-post-thumbnail","hentry","category-uncategorized"],"aioseo_notices":[],"_links":{"self":[{"href":"https:\/\/estado29.mx\/index.php?rest_route=\/wp\/v2\/posts\/94056","targetHints":{"allow":["GET"]}}],"collection":[{"href":"https:\/\/estado29.mx\/index.php?rest_route=\/wp\/v2\/posts"}],"about":[{"href":"https:\/\/estado29.mx\/index.php?rest_route=\/wp\/v2\/types\/post"}],"author":[{"embeddable":true,"href":"https:\/\/estado29.mx\/index.php?rest_route=\/wp\/v2\/users\/4"}],"replies":[{"embeddable":true,"href":"https:\/\/estado29.mx\/index.php?rest_route=%2Fwp%2Fv2%2Fcomments&post=94056"}],"version-history":[{"count":2,"href":"https:\/\/estado29.mx\/index.php?rest_route=\/wp\/v2\/posts\/94056\/revisions"}],"predecessor-version":[{"id":94060,"href":"https:\/\/estado29.mx\/index.php?rest_route=\/wp\/v2\/posts\/94056\/revisions\/94060"}],"wp:featuredmedia":[{"embeddable":true,"href":"https:\/\/estado29.mx\/index.php?rest_route=\/wp\/v2\/media\/94058"}],"wp:attachment":[{"href":"https:\/\/estado29.mx\/index.php?rest_route=%2Fwp%2Fv2%2Fmedia&parent=94056"}],"wp:term":[{"taxonomy":"category","embeddable":true,"href":"https:\/\/estado29.mx\/index.php?rest_route=%2Fwp%2Fv2%2Fcategories&post=94056"},{"taxonomy":"post_tag","embeddable":true,"href":"https:\/\/estado29.mx\/index.php?rest_route=%2Fwp%2Fv2%2Ftags&post=94056"}],"curies":[{"name":"wp","href":"https:\/\/api.w.org\/{rel}","templated":true}]}}