{"id":94072,"date":"2025-03-10T13:37:42","date_gmt":"2025-03-10T13:37:42","guid":{"rendered":"https:\/\/estado29.mx\/?p=94072"},"modified":"2025-03-10T13:37:44","modified_gmt":"2025-03-10T13:37:44","slug":"ofrece-segob-atencion-y-acompanamiento-a-defensoras-de-derechos-humanos-y-periodistas-durante-la-marcha-del-8m-en-tlaxcala","status":"publish","type":"post","link":"https:\/\/estado29.mx\/?p=94072","title":{"rendered":"Ofrece SEGOB atenci\u00f3n y acompa\u00f1amiento a defensoras de derechos humanos y periodistas durante la marcha del 8m en Tlaxcala"},"content":{"rendered":"\n<p>La Secretar\u00eda de Gobierno, a trav\u00e9s del departamento para la Protecci\u00f3n de Personas Defensoras de Derechos Humanos y Periodistas, ofrecer\u00e1 atenci\u00f3n y acompa\u00f1amiento a estos dos sectores durante la marcha conmemorativa del 8 de marzo, organizada por diferentes colectivos tlaxcaltecas, en el marco de la conmemoraci\u00f3n del D\u00eda Internacional de la Mujer.<\/p>\n\n\n\n<p>El objetivo de esta acci\u00f3n es que tanto las personas defensoras de derechos humanos como los periodistas puedan desempe\u00f1ar su labor de manera segura durante la marcha.<\/p>\n\n\n\n<p>Personal especializado del departamento local, estar\u00e1 monitoreando en todo momento cualquier situaci\u00f3n de riesgo que pudiera afectar el desarrollo de su trabajo profesional, asegurando que puedan actuar sin inconvenientes y en un ambiente libre de amenazas.<\/p>\n\n\n\n<p>Lo anterior de acuerdo con los art\u00edculos VII, VIII y IX establecidos en el decreto de creaci\u00f3n de la oficina local que establece \u201cbrindar informaci\u00f3n clara y acompa\u00f1amiento al peticionario con las dependencias que tengan intervenci\u00f3n\u201d.<\/p>\n\n\n\n<p>De esta manera, Tlaxcala se suma al llamado del Gobierno de M\u00e9xico y de la presidenta Claudia Sheinbaum Pardo para priorizar el di\u00e1logo y asegurar que las movilizaciones se desarrollen en un entorno seguro y libre.<\/p>\n\n\n\n<p>Este esfuerzo refleja el compromiso del gobierno estatal con la protecci\u00f3n de los derechos humanos y la labor de los periodistas, especialmente en eventos que impliquen la visibilidad y el ejercicio de derechos fundamentales como el de la libertad de expresi\u00f3n.<\/p>\n","protected":false},"excerpt":{"rendered":"<p>La Secretar\u00eda de Gobierno, a trav\u00e9s del departamento para la Protecci\u00f3n de Personas Defensoras de Derechos Humanos y Periodistas, ofrecer\u00e1 atenci\u00f3n y acompa\u00f1amiento a estos dos sectores durante la marcha conmemorativa del 8 de marzo, organizada por diferentes colectivos tlaxcaltecas, en el marco de la conmemoraci\u00f3n del D\u00eda Internacional de la Mujer. El objetivo de [&hellip;]<\/p>\n","protected":false},"author":4,"featured_media":94073,"comment_status":"open","ping_status":"open","sticky":false,"template":"","format":"standard","meta":{"om_disable_all_campaigns":false,"_monsterinsights_skip_tracking":false,"_monsterinsights_sitenote_active":false,"_monsterinsights_sitenote_note":"","_monsterinsights_sitenote_category":0,"jnews-multi-image_gallery":[],"jnews_single_post":{"format":"standard"},"jnews_primary_category":[],"footnotes":""},"categories":[1],"tags":[],"class_list":["post-94072","post","type-post","status-publish","format-standard","has-post-thumbnail","hentry","category-uncategorized"],"aioseo_notices":[],"_links":{"self":[{"href":"https:\/\/estado29.mx\/index.php?rest_route=\/wp\/v2\/posts\/94072","targetHints":{"allow":["GET"]}}],"collection":[{"href":"https:\/\/estado29.mx\/index.php?rest_route=\/wp\/v2\/posts"}],"about":[{"href":"https:\/\/estado29.mx\/index.php?rest_route=\/wp\/v2\/types\/post"}],"author":[{"embeddable":true,"href":"https:\/\/estado29.mx\/index.php?rest_route=\/wp\/v2\/users\/4"}],"replies":[{"embeddable":true,"href":"https:\/\/estado29.mx\/index.php?rest_route=%2Fwp%2Fv2%2Fcomments&post=94072"}],"version-history":[{"count":1,"href":"https:\/\/estado29.mx\/index.php?rest_route=\/wp\/v2\/posts\/94072\/revisions"}],"predecessor-version":[{"id":94074,"href":"https:\/\/estado29.mx\/index.php?rest_route=\/wp\/v2\/posts\/94072\/revisions\/94074"}],"wp:featuredmedia":[{"embeddable":true,"href":"https:\/\/estado29.mx\/index.php?rest_route=\/wp\/v2\/media\/94073"}],"wp:attachment":[{"href":"https:\/\/estado29.mx\/index.php?rest_route=%2Fwp%2Fv2%2Fmedia&parent=94072"}],"wp:term":[{"taxonomy":"category","embeddable":true,"href":"https:\/\/estado29.mx\/index.php?rest_route=%2Fwp%2Fv2%2Fcategories&post=94072"},{"taxonomy":"post_tag","embeddable":true,"href":"https:\/\/estado29.mx\/index.php?rest_route=%2Fwp%2Fv2%2Ftags&post=94072"}],"curies":[{"name":"wp","href":"https:\/\/api.w.org\/{rel}","templated":true}]}}