{"id":94081,"date":"2025-03-10T14:09:45","date_gmt":"2025-03-10T14:09:45","guid":{"rendered":"https:\/\/estado29.mx\/?p=94081"},"modified":"2025-03-10T14:09:46","modified_gmt":"2025-03-10T14:09:46","slug":"se-suma-lorena-cuellar-al-pronunciamiento-de-la-presidenta-de-mexico","status":"publish","type":"post","link":"https:\/\/estado29.mx\/?p=94081","title":{"rendered":"Se suma Lorena Cu\u00e9llar al pronunciamiento de la presidenta de M\u00e9xico"},"content":{"rendered":"\n<p><\/p>\n\n\n\n<p>*En el z\u00f3calo de la Ciudad de M\u00e9xico, la gobernadora se\u00f1al\u00f3 que el pueblo del estado expresaba su apoyo a la mandataria federal. \u00a1Tlaxcala con Claudia Sheinbaum!<\/p>\n\n\n\n<p>La gobernadora Lorena Cu\u00e9llar Cisneros asisti\u00f3 este domingo 9 de marzo al z\u00f3calo de la Ciudad de M\u00e9xico para acompa\u00f1ar a la presidenta Claudia Sheinbaum Pardo, en su Asamblea Informativa en la que los gobernadores, legisladores y miles de ciudadanos del pa\u00eds le expresaron y le mostraron su respaldo.<\/p>\n\n\n\n<p>\u201cEstoy feliz porque venimos a apoyar a nuestra presidenta Claudia Sheinbaum y antes de lo previsto, ella ya logr\u00f3 grandes resultados para nuestro pa\u00eds. Esperemos que todos juntos podamos seguir incidiendo en la vida pol\u00edtica y econ\u00f3mica de M\u00e9xico y tambi\u00e9n del mundo. \u00a1Tlaxcala con Claudia Sheinbaum!\u201d, mencion\u00f3.<\/p>\n\n\n\n<p>La gobernadora dijo en sus redes sociales que la gente del estado de Tlaxcala le expresaba su apoyo a la mandataria federal, al igual que miles de mexicanos de otras entidades, lo cual se pudo confirmar en pancartas de apoyo a la presidenta Sheinbaum Pardo en el z\u00f3calo capitalino.<\/p>\n\n\n\n<p>La presidenta de la Rep\u00fablica dio un mensaje relacionado con los aranceles que ha estado negociando con el presidente de Estados Unidos, Donald Trump, que incluyen llamadas entre ambos mandatarios y acuerdos de alto nivel, a fin de lograr el mejor trato de Estados Unidos al pueblo de M\u00e9xico.<\/p>\n","protected":false},"excerpt":{"rendered":"<p>*En el z\u00f3calo de la Ciudad de M\u00e9xico, la gobernadora se\u00f1al\u00f3 que el pueblo del estado expresaba su apoyo a la mandataria federal. \u00a1Tlaxcala con Claudia Sheinbaum! La gobernadora Lorena Cu\u00e9llar Cisneros asisti\u00f3 este domingo 9 de marzo al z\u00f3calo de la Ciudad de M\u00e9xico para acompa\u00f1ar a la presidenta Claudia Sheinbaum Pardo, en su [&hellip;]<\/p>\n","protected":false},"author":4,"featured_media":94082,"comment_status":"open","ping_status":"open","sticky":false,"template":"","format":"standard","meta":{"om_disable_all_campaigns":false,"_monsterinsights_skip_tracking":false,"_monsterinsights_sitenote_active":false,"_monsterinsights_sitenote_note":"","_monsterinsights_sitenote_category":0,"jnews-multi-image_gallery":[],"jnews_single_post":{"format":"standard"},"jnews_primary_category":[],"footnotes":""},"categories":[1],"tags":[],"class_list":["post-94081","post","type-post","status-publish","format-standard","has-post-thumbnail","hentry","category-uncategorized"],"aioseo_notices":[],"_links":{"self":[{"href":"https:\/\/estado29.mx\/index.php?rest_route=\/wp\/v2\/posts\/94081","targetHints":{"allow":["GET"]}}],"collection":[{"href":"https:\/\/estado29.mx\/index.php?rest_route=\/wp\/v2\/posts"}],"about":[{"href":"https:\/\/estado29.mx\/index.php?rest_route=\/wp\/v2\/types\/post"}],"author":[{"embeddable":true,"href":"https:\/\/estado29.mx\/index.php?rest_route=\/wp\/v2\/users\/4"}],"replies":[{"embeddable":true,"href":"https:\/\/estado29.mx\/index.php?rest_route=%2Fwp%2Fv2%2Fcomments&post=94081"}],"version-history":[{"count":1,"href":"https:\/\/estado29.mx\/index.php?rest_route=\/wp\/v2\/posts\/94081\/revisions"}],"predecessor-version":[{"id":94083,"href":"https:\/\/estado29.mx\/index.php?rest_route=\/wp\/v2\/posts\/94081\/revisions\/94083"}],"wp:featuredmedia":[{"embeddable":true,"href":"https:\/\/estado29.mx\/index.php?rest_route=\/wp\/v2\/media\/94082"}],"wp:attachment":[{"href":"https:\/\/estado29.mx\/index.php?rest_route=%2Fwp%2Fv2%2Fmedia&parent=94081"}],"wp:term":[{"taxonomy":"category","embeddable":true,"href":"https:\/\/estado29.mx\/index.php?rest_route=%2Fwp%2Fv2%2Fcategories&post=94081"},{"taxonomy":"post_tag","embeddable":true,"href":"https:\/\/estado29.mx\/index.php?rest_route=%2Fwp%2Fv2%2Ftags&post=94081"}],"curies":[{"name":"wp","href":"https:\/\/api.w.org\/{rel}","templated":true}]}}