{"id":94084,"date":"2025-03-10T20:07:23","date_gmt":"2025-03-10T20:07:23","guid":{"rendered":"https:\/\/estado29.mx\/?p=94084"},"modified":"2025-03-10T20:07:23","modified_gmt":"2025-03-10T20:07:23","slug":"participan-alumnos-de-la-escuela-secundaria-tecnica-44-en-concierto-de-piano-llevado-a-cabo-en-centro-cultural-huamantla","status":"publish","type":"post","link":"https:\/\/estado29.mx\/?p=94084","title":{"rendered":"Participan Alumnos de la Escuela Secundaria T\u00e9cnica 44 en Concierto de Piano llevado a cabo en Centro Cultural Huamantla."},"content":{"rendered":"\n<p><br>Este lunes diez de marzo, alumnos de la Escuela Secundaria T\u00e9cnica N\u00famero 44 Carlos Fuertes, del Barrio de Santa Anita, Huamantla, participaron en un Concierto de Piano, as\u00ed como en talleres que se llevan a cabo en el Centro Cultural Huamantla.<\/p>\n\n\n\n<figure class=\"wp-block-image size-large\"><img loading=\"lazy\" decoding=\"async\" width=\"1024\" height=\"768\" src=\"https:\/\/estado29.mx\/wp-content\/uploads\/2025\/03\/IMG-20250310-WA0006-1024x768.jpg\" alt=\"\" class=\"wp-image-94086\" srcset=\"https:\/\/estado29.mx\/wp-content\/uploads\/2025\/03\/IMG-20250310-WA0006-1024x768.jpg 1024w, https:\/\/estado29.mx\/wp-content\/uploads\/2025\/03\/IMG-20250310-WA0006-300x225.jpg 300w, https:\/\/estado29.mx\/wp-content\/uploads\/2025\/03\/IMG-20250310-WA0006-768x576.jpg 768w, https:\/\/estado29.mx\/wp-content\/uploads\/2025\/03\/IMG-20250310-WA0006-1536x1152.jpg 1536w, https:\/\/estado29.mx\/wp-content\/uploads\/2025\/03\/IMG-20250310-WA0006-750x563.jpg 750w, https:\/\/estado29.mx\/wp-content\/uploads\/2025\/03\/IMG-20250310-WA0006-1140x855.jpg 1140w, https:\/\/estado29.mx\/wp-content\/uploads\/2025\/03\/IMG-20250310-WA0006.jpg 1600w\" sizes=\"auto, (max-width: 1024px) 100vw, 1024px\" \/><\/figure>\n\n\n\n<p><br>Juan Carlos Z\u00e1rate Hern\u00e1ndez, Docente de Artes, refiri\u00f3 que el objetivo de su participaci\u00f3n en este concierto de piano es dar a conocer las actividades art\u00edsticas que se realizan en la instituci\u00f3n educativa.<\/p>\n\n\n\n<figure class=\"wp-block-image size-large\"><img loading=\"lazy\" decoding=\"async\" width=\"768\" height=\"1024\" src=\"https:\/\/estado29.mx\/wp-content\/uploads\/2025\/03\/IMG-20250310-WA0008-768x1024.jpg\" alt=\"\" class=\"wp-image-94087\" srcset=\"https:\/\/estado29.mx\/wp-content\/uploads\/2025\/03\/IMG-20250310-WA0008-768x1024.jpg 768w, https:\/\/estado29.mx\/wp-content\/uploads\/2025\/03\/IMG-20250310-WA0008-225x300.jpg 225w, https:\/\/estado29.mx\/wp-content\/uploads\/2025\/03\/IMG-20250310-WA0008-1152x1536.jpg 1152w, https:\/\/estado29.mx\/wp-content\/uploads\/2025\/03\/IMG-20250310-WA0008-750x1000.jpg 750w, https:\/\/estado29.mx\/wp-content\/uploads\/2025\/03\/IMG-20250310-WA0008-1140x1520.jpg 1140w, https:\/\/estado29.mx\/wp-content\/uploads\/2025\/03\/IMG-20250310-WA0008.jpg 1200w\" sizes=\"auto, (max-width: 768px) 100vw, 768px\" \/><\/figure>\n\n\n\n<p><br>Por su parte Mar\u00eda Elena D\u00edaz, Coordinadora de Eventos en el Centro Cultural Huamantla, hizo extensa la invitaci\u00f3n a alumnos, docentes y directivos de instituciones educativas, a conocer y ser part\u00edcipes de las actividades y talleres que se imparten.<\/p>\n\n\n\n<figure class=\"wp-block-image size-large\"><img loading=\"lazy\" decoding=\"async\" width=\"1024\" height=\"768\" src=\"https:\/\/estado29.mx\/wp-content\/uploads\/2025\/03\/IMG-20250310-WA0004-1024x768.jpg\" alt=\"\" class=\"wp-image-94088\" srcset=\"https:\/\/estado29.mx\/wp-content\/uploads\/2025\/03\/IMG-20250310-WA0004-1024x768.jpg 1024w, https:\/\/estado29.mx\/wp-content\/uploads\/2025\/03\/IMG-20250310-WA0004-300x225.jpg 300w, https:\/\/estado29.mx\/wp-content\/uploads\/2025\/03\/IMG-20250310-WA0004-768x576.jpg 768w, https:\/\/estado29.mx\/wp-content\/uploads\/2025\/03\/IMG-20250310-WA0004-1536x1152.jpg 1536w, https:\/\/estado29.mx\/wp-content\/uploads\/2025\/03\/IMG-20250310-WA0004-750x563.jpg 750w, https:\/\/estado29.mx\/wp-content\/uploads\/2025\/03\/IMG-20250310-WA0004-1140x855.jpg 1140w, https:\/\/estado29.mx\/wp-content\/uploads\/2025\/03\/IMG-20250310-WA0004.jpg 1600w\" sizes=\"auto, (max-width: 1024px) 100vw, 1024px\" \/><\/figure>\n\n\n\n<p><br>Dentro de estas actividades, se tuvo la participaci\u00f3n de 70 alumnos, quienes presenciaron tambi\u00e9n algunos de los talleres que se desarrollan en el Centro Cultural Huamantla.<\/p>\n\n\n\n<figure class=\"wp-block-image size-large\"><img loading=\"lazy\" decoding=\"async\" width=\"1024\" height=\"768\" src=\"https:\/\/estado29.mx\/wp-content\/uploads\/2025\/03\/IMG-20250310-WA0005-1024x768.jpg\" alt=\"\" class=\"wp-image-94089\" srcset=\"https:\/\/estado29.mx\/wp-content\/uploads\/2025\/03\/IMG-20250310-WA0005-1024x768.jpg 1024w, https:\/\/estado29.mx\/wp-content\/uploads\/2025\/03\/IMG-20250310-WA0005-300x225.jpg 300w, https:\/\/estado29.mx\/wp-content\/uploads\/2025\/03\/IMG-20250310-WA0005-768x576.jpg 768w, https:\/\/estado29.mx\/wp-content\/uploads\/2025\/03\/IMG-20250310-WA0005-1536x1152.jpg 1536w, https:\/\/estado29.mx\/wp-content\/uploads\/2025\/03\/IMG-20250310-WA0005-750x563.jpg 750w, https:\/\/estado29.mx\/wp-content\/uploads\/2025\/03\/IMG-20250310-WA0005-1140x855.jpg 1140w, https:\/\/estado29.mx\/wp-content\/uploads\/2025\/03\/IMG-20250310-WA0005.jpg 1600w\" sizes=\"auto, (max-width: 1024px) 100vw, 1024px\" \/><\/figure>\n\n\n\n<p>Para finalizar, Juan Carlos Z\u00e1rate Hern\u00e1ndez, invit\u00f3 a los huamantlecos a estar pendientes de las participaciones que tendr\u00e1n los alumnos de la instituci\u00f3n educativa.<\/p>\n\n\n<figure class=\"wp-block-post-featured-image\"><img loading=\"lazy\" decoding=\"async\" width=\"1600\" height=\"1200\" src=\"https:\/\/estado29.mx\/wp-content\/uploads\/2025\/03\/IMG-20250310-WA0010.jpg\" class=\"attachment-post-thumbnail size-post-thumbnail wp-post-image\" alt=\"\" style=\"object-fit:cover;\" srcset=\"https:\/\/estado29.mx\/wp-content\/uploads\/2025\/03\/IMG-20250310-WA0010.jpg 1600w, https:\/\/estado29.mx\/wp-content\/uploads\/2025\/03\/IMG-20250310-WA0010-300x225.jpg 300w, https:\/\/estado29.mx\/wp-content\/uploads\/2025\/03\/IMG-20250310-WA0010-1024x768.jpg 1024w, https:\/\/estado29.mx\/wp-content\/uploads\/2025\/03\/IMG-20250310-WA0010-768x576.jpg 768w, https:\/\/estado29.mx\/wp-content\/uploads\/2025\/03\/IMG-20250310-WA0010-1536x1152.jpg 1536w, https:\/\/estado29.mx\/wp-content\/uploads\/2025\/03\/IMG-20250310-WA0010-750x563.jpg 750w, https:\/\/estado29.mx\/wp-content\/uploads\/2025\/03\/IMG-20250310-WA0010-1140x855.jpg 1140w\" sizes=\"auto, (max-width: 1600px) 100vw, 1600px\" \/><\/figure>","protected":false},"excerpt":{"rendered":"<p>Este lunes diez de marzo, alumnos de la Escuela Secundaria T\u00e9cnica N\u00famero 44 Carlos Fuertes, del Barrio de Santa Anita, Huamantla, participaron en un Concierto de Piano, as\u00ed como en talleres que se llevan a cabo en el Centro Cultural Huamantla. Juan Carlos Z\u00e1rate Hern\u00e1ndez, Docente de Artes, refiri\u00f3 que el objetivo de su participaci\u00f3n [&hellip;]<\/p>\n","protected":false},"author":7,"featured_media":94085,"comment_status":"open","ping_status":"open","sticky":false,"template":"","format":"standard","meta":{"om_disable_all_campaigns":false,"_monsterinsights_skip_tracking":false,"_monsterinsights_sitenote_active":false,"_monsterinsights_sitenote_note":"","_monsterinsights_sitenote_category":0,"jnews-multi-image_gallery":[],"jnews_single_post":{"format":"standard"},"jnews_primary_category":[],"footnotes":""},"categories":[1],"tags":[],"class_list":["post-94084","post","type-post","status-publish","format-standard","has-post-thumbnail","hentry","category-uncategorized"],"aioseo_notices":[],"_links":{"self":[{"href":"https:\/\/estado29.mx\/index.php?rest_route=\/wp\/v2\/posts\/94084","targetHints":{"allow":["GET"]}}],"collection":[{"href":"https:\/\/estado29.mx\/index.php?rest_route=\/wp\/v2\/posts"}],"about":[{"href":"https:\/\/estado29.mx\/index.php?rest_route=\/wp\/v2\/types\/post"}],"author":[{"embeddable":true,"href":"https:\/\/estado29.mx\/index.php?rest_route=\/wp\/v2\/users\/7"}],"replies":[{"embeddable":true,"href":"https:\/\/estado29.mx\/index.php?rest_route=%2Fwp%2Fv2%2Fcomments&post=94084"}],"version-history":[{"count":1,"href":"https:\/\/estado29.mx\/index.php?rest_route=\/wp\/v2\/posts\/94084\/revisions"}],"predecessor-version":[{"id":94090,"href":"https:\/\/estado29.mx\/index.php?rest_route=\/wp\/v2\/posts\/94084\/revisions\/94090"}],"wp:featuredmedia":[{"embeddable":true,"href":"https:\/\/estado29.mx\/index.php?rest_route=\/wp\/v2\/media\/94085"}],"wp:attachment":[{"href":"https:\/\/estado29.mx\/index.php?rest_route=%2Fwp%2Fv2%2Fmedia&parent=94084"}],"wp:term":[{"taxonomy":"category","embeddable":true,"href":"https:\/\/estado29.mx\/index.php?rest_route=%2Fwp%2Fv2%2Fcategories&post=94084"},{"taxonomy":"post_tag","embeddable":true,"href":"https:\/\/estado29.mx\/index.php?rest_route=%2Fwp%2Fv2%2Ftags&post=94084"}],"curies":[{"name":"wp","href":"https:\/\/api.w.org\/{rel}","templated":true}]}}