{"id":94105,"date":"2025-03-11T13:42:55","date_gmt":"2025-03-11T13:42:55","guid":{"rendered":"https:\/\/estado29.mx\/?p=94105"},"modified":"2025-03-11T13:42:56","modified_gmt":"2025-03-11T13:42:56","slug":"celebrara-sedif-la-tercera-carrera-de-la-familia-el-proximo-23-de-marzo","status":"publish","type":"post","link":"https:\/\/estado29.mx\/?p=94105","title":{"rendered":"Celebrar\u00e1 SEDIF la tercera carrera de la familia el pr\u00f3ximo 23 de marzo"},"content":{"rendered":"\n<p>*Dicha actividad busca fortalecer h\u00e1bitos familiares y la convivencia: Mariana Espinosa de los Monteros Cu\u00e9llar<\/p>\n\n\n\n<p>El Sistema Estatal para el Desarrollo Integral de la Familia (Sedif) celebrar\u00e1 el pr\u00f3ximo 23 de marzo la tercera edici\u00f3n de la Carrera de la Familia, con lo que se busca fortalecer los lazos familiares, promover h\u00e1bitos saludables y generar espacios de convivencia entre las familias de Tlaxcala.<\/p>\n\n\n\n<p>En conferencia de prensa, la presidenta honor\u00edfica del Sedif, Mariana Espinosa de los Monteros Cu\u00e9llar, inform\u00f3 que a partir de este 11 de marzo las familias interesadas en participar podr\u00e1n inscribirse en las oficinas del organismo, ubicadas en calle Morelos n\u00famero 4 en la capital, o en la Cl\u00ednica de las Emociones en un horario de 10:00 a 17: 00 horas.<\/p>\n\n\n\n<p>Acompa\u00f1ada de la directora general del organismo, Flor L\u00f3pez Hinojosa, y del director de Prevenci\u00f3n y Atenci\u00f3n Familiar del Sedif, Stefano Di Grazia Hern\u00e1ndez, inform\u00f3 que no existe un l\u00edmite de edad y que pueden participar personas con discapacidad, pues habr\u00e1 condiciones para que concluyan el recorrido de aproximadamente 3.5 kil\u00f3metros sobre la avenida Puebla\u2013Tlaxcala a la altura del Centro Cultural Universitario (CCU).<\/p>\n\n\n\n<p>Mencion\u00f3 que, como el a\u00f1o pasado, los participantes enfrentar\u00e1n obst\u00e1culos inflables a lo largo del recorrido, desafiando su resistencia f\u00edsica y agilidad mientras disfrutan de un ambiente festivo, y al llegar a la meta celebrar\u00e1n con polvo de colores, lo que a\u00f1ade una dosis extra de emoci\u00f3n y alegr\u00eda.<\/p>\n\n\n\n<p>Los kits que constan de playera, n\u00famero de participante, bolsa, e hidrataci\u00f3n, ser\u00e1n entregados el d\u00eda 22 de marzo de 9:00 a 15:00 horas en el Sedif Tlaxcala.<\/p>\n\n\n\n<p>Para poder participar en la carrera de este a\u00f1o, el Sedif Tlaxcala solicitar\u00e1 un kilo de alimento para animales de compa\u00f1\u00eda que ser\u00e1n entregadas a la Coordinaci\u00f3n de Bienestar Animal.<\/p>\n\n\n\n<p>Los horarios de arranque son a partir de las 7:00 horas en rondas de 200 personas cada 20 minutos hasta las 10:00 horas para dar paso a una fiesta de colores con todas las familias participantes.<\/p>\n\n\n\n<p>En esta ocasi\u00f3n tambi\u00e9n habr\u00e1 la oportunidad de decorar las playeras de la carrera con las que las y los ni\u00f1os podr\u00e1n participar para ganar premios.<\/p>\n","protected":false},"excerpt":{"rendered":"<p>*Dicha actividad busca fortalecer h\u00e1bitos familiares y la convivencia: Mariana Espinosa de los Monteros Cu\u00e9llar El Sistema Estatal para el Desarrollo Integral de la Familia (Sedif) celebrar\u00e1 el pr\u00f3ximo 23 de marzo la tercera edici\u00f3n de la Carrera de la Familia, con lo que se busca fortalecer los lazos familiares, promover h\u00e1bitos saludables y generar [&hellip;]<\/p>\n","protected":false},"author":4,"featured_media":94106,"comment_status":"open","ping_status":"open","sticky":false,"template":"","format":"standard","meta":{"om_disable_all_campaigns":false,"_monsterinsights_skip_tracking":false,"_monsterinsights_sitenote_active":false,"_monsterinsights_sitenote_note":"","_monsterinsights_sitenote_category":0,"jnews-multi-image_gallery":[],"jnews_single_post":{"format":"standard"},"jnews_primary_category":[],"footnotes":""},"categories":[1],"tags":[],"class_list":["post-94105","post","type-post","status-publish","format-standard","has-post-thumbnail","hentry","category-uncategorized"],"aioseo_notices":[],"_links":{"self":[{"href":"https:\/\/estado29.mx\/index.php?rest_route=\/wp\/v2\/posts\/94105","targetHints":{"allow":["GET"]}}],"collection":[{"href":"https:\/\/estado29.mx\/index.php?rest_route=\/wp\/v2\/posts"}],"about":[{"href":"https:\/\/estado29.mx\/index.php?rest_route=\/wp\/v2\/types\/post"}],"author":[{"embeddable":true,"href":"https:\/\/estado29.mx\/index.php?rest_route=\/wp\/v2\/users\/4"}],"replies":[{"embeddable":true,"href":"https:\/\/estado29.mx\/index.php?rest_route=%2Fwp%2Fv2%2Fcomments&post=94105"}],"version-history":[{"count":1,"href":"https:\/\/estado29.mx\/index.php?rest_route=\/wp\/v2\/posts\/94105\/revisions"}],"predecessor-version":[{"id":94107,"href":"https:\/\/estado29.mx\/index.php?rest_route=\/wp\/v2\/posts\/94105\/revisions\/94107"}],"wp:featuredmedia":[{"embeddable":true,"href":"https:\/\/estado29.mx\/index.php?rest_route=\/wp\/v2\/media\/94106"}],"wp:attachment":[{"href":"https:\/\/estado29.mx\/index.php?rest_route=%2Fwp%2Fv2%2Fmedia&parent=94105"}],"wp:term":[{"taxonomy":"category","embeddable":true,"href":"https:\/\/estado29.mx\/index.php?rest_route=%2Fwp%2Fv2%2Fcategories&post=94105"},{"taxonomy":"post_tag","embeddable":true,"href":"https:\/\/estado29.mx\/index.php?rest_route=%2Fwp%2Fv2%2Ftags&post=94105"}],"curies":[{"name":"wp","href":"https:\/\/api.w.org\/{rel}","templated":true}]}}