{"id":94111,"date":"2025-03-11T19:06:32","date_gmt":"2025-03-11T19:06:32","guid":{"rendered":"https:\/\/estado29.mx\/?p=94111"},"modified":"2025-03-11T19:06:32","modified_gmt":"2025-03-11T19:06:32","slug":"hace-llamado-coordinacion-de-servicios-publicos-municipales-de-huamantla-a-pobladores-a-evitar-dejar-su-basura-en-la-via-publica","status":"publish","type":"post","link":"https:\/\/estado29.mx\/?p=94111","title":{"rendered":"Hace llamado Coordinaci\u00f3n de Servicios P\u00fablicos Municipales de Huamantla a pobladores a evitar dejar su basura en la v\u00eda p\u00fablica."},"content":{"rendered":"\n<p><\/p>\n\n\n\n<p>Miguel Salinas Hern\u00e1ndez, Coordinador de Servicios P\u00fablicos Municipales en Huamantla, pide la colaboraci\u00f3n de la poblaci\u00f3n de este lugar, para que eviten dejar su desechos en la v\u00eda p\u00fablica y esperar a que pase el cami\u00f3n recolector.<\/p>\n\n\n\n<figure class=\"wp-block-image size-large\"><img loading=\"lazy\" decoding=\"async\" width=\"1024\" height=\"768\" src=\"https:\/\/estado29.mx\/wp-content\/uploads\/2025\/03\/IMG-20250310-WA0036-1024x768.jpg\" alt=\"\" class=\"wp-image-94113\" srcset=\"https:\/\/estado29.mx\/wp-content\/uploads\/2025\/03\/IMG-20250310-WA0036-1024x768.jpg 1024w, https:\/\/estado29.mx\/wp-content\/uploads\/2025\/03\/IMG-20250310-WA0036-300x225.jpg 300w, https:\/\/estado29.mx\/wp-content\/uploads\/2025\/03\/IMG-20250310-WA0036-768x576.jpg 768w, https:\/\/estado29.mx\/wp-content\/uploads\/2025\/03\/IMG-20250310-WA0036-1536x1152.jpg 1536w, https:\/\/estado29.mx\/wp-content\/uploads\/2025\/03\/IMG-20250310-WA0036-750x563.jpg 750w, https:\/\/estado29.mx\/wp-content\/uploads\/2025\/03\/IMG-20250310-WA0036-1140x855.jpg 1140w, https:\/\/estado29.mx\/wp-content\/uploads\/2025\/03\/IMG-20250310-WA0036.jpg 1600w\" sizes=\"auto, (max-width: 1024px) 100vw, 1024px\" \/><\/figure>\n\n\n\n<p><br>El Coordinador agreg\u00f3 que el servicio de limpia se ejecuta de lunes a s\u00e1bado, los domingos no hay servicio de recolecci\u00f3n de basura, pues es un d\u00eda destinado para sanear parques, jardines, as\u00ed como el Andador San Luis.<\/p>\n\n\n\n<figure class=\"wp-block-image size-large\"><img loading=\"lazy\" decoding=\"async\" width=\"1024\" height=\"768\" src=\"https:\/\/estado29.mx\/wp-content\/uploads\/2025\/03\/IMG-20250310-WA0034-1024x768.jpg\" alt=\"\" class=\"wp-image-94114\" srcset=\"https:\/\/estado29.mx\/wp-content\/uploads\/2025\/03\/IMG-20250310-WA0034-1024x768.jpg 1024w, https:\/\/estado29.mx\/wp-content\/uploads\/2025\/03\/IMG-20250310-WA0034-300x225.jpg 300w, https:\/\/estado29.mx\/wp-content\/uploads\/2025\/03\/IMG-20250310-WA0034-768x576.jpg 768w, https:\/\/estado29.mx\/wp-content\/uploads\/2025\/03\/IMG-20250310-WA0034-1536x1152.jpg 1536w, https:\/\/estado29.mx\/wp-content\/uploads\/2025\/03\/IMG-20250310-WA0034-750x563.jpg 750w, https:\/\/estado29.mx\/wp-content\/uploads\/2025\/03\/IMG-20250310-WA0034-1140x855.jpg 1140w, https:\/\/estado29.mx\/wp-content\/uploads\/2025\/03\/IMG-20250310-WA0034.jpg 1600w\" sizes=\"auto, (max-width: 1024px) 100vw, 1024px\" \/><\/figure>\n\n\n\n<p><br>Asimismo, detall\u00f3 que el servicio de recolecci\u00f3n est\u00e1 funcionando al cien por ciento, salvo algunos atrasos existentes los d\u00edas lunes y jueves por cuestiones propias de la labor que realizan, por lo que pidi\u00f3 a los huamantlecos a colaborar y mantener sus residuos en el interior de sus domicilios hasta que el cami\u00f3n recolector pase por sus viviendas.<\/p>\n\n\n\n<figure class=\"wp-block-image size-large\"><img loading=\"lazy\" decoding=\"async\" width=\"1024\" height=\"768\" src=\"https:\/\/estado29.mx\/wp-content\/uploads\/2025\/03\/IMG-20250310-WA0037-1024x768.jpg\" alt=\"\" class=\"wp-image-94115\" srcset=\"https:\/\/estado29.mx\/wp-content\/uploads\/2025\/03\/IMG-20250310-WA0037-1024x768.jpg 1024w, https:\/\/estado29.mx\/wp-content\/uploads\/2025\/03\/IMG-20250310-WA0037-300x225.jpg 300w, https:\/\/estado29.mx\/wp-content\/uploads\/2025\/03\/IMG-20250310-WA0037-768x576.jpg 768w, https:\/\/estado29.mx\/wp-content\/uploads\/2025\/03\/IMG-20250310-WA0037-1536x1152.jpg 1536w, https:\/\/estado29.mx\/wp-content\/uploads\/2025\/03\/IMG-20250310-WA0037-750x563.jpg 750w, https:\/\/estado29.mx\/wp-content\/uploads\/2025\/03\/IMG-20250310-WA0037-1140x855.jpg 1140w, https:\/\/estado29.mx\/wp-content\/uploads\/2025\/03\/IMG-20250310-WA0037.jpg 1600w\" sizes=\"auto, (max-width: 1024px) 100vw, 1024px\" \/><\/figure>\n\n\n\n<p><br>Es importante agregar que el tema de la limpieza de este lugar es participaci\u00f3n conjunta de los pobladores con el gobierno, pues adem\u00e1s de generar una mejor imagen, se evita crear focos de infecci\u00f3n que podr\u00edan ser perjudiciales para la salud de la ciudadan\u00eda.<\/p>\n\n\n<figure class=\"wp-block-post-featured-image\"><img loading=\"lazy\" decoding=\"async\" width=\"900\" height=\"1600\" src=\"https:\/\/estado29.mx\/wp-content\/uploads\/2025\/03\/IMG-20250310-WA0038.jpg\" class=\"attachment-post-thumbnail size-post-thumbnail wp-post-image\" alt=\"\" style=\"object-fit:cover;\" srcset=\"https:\/\/estado29.mx\/wp-content\/uploads\/2025\/03\/IMG-20250310-WA0038.jpg 900w, https:\/\/estado29.mx\/wp-content\/uploads\/2025\/03\/IMG-20250310-WA0038-169x300.jpg 169w, https:\/\/estado29.mx\/wp-content\/uploads\/2025\/03\/IMG-20250310-WA0038-576x1024.jpg 576w, https:\/\/estado29.mx\/wp-content\/uploads\/2025\/03\/IMG-20250310-WA0038-768x1365.jpg 768w, https:\/\/estado29.mx\/wp-content\/uploads\/2025\/03\/IMG-20250310-WA0038-864x1536.jpg 864w, https:\/\/estado29.mx\/wp-content\/uploads\/2025\/03\/IMG-20250310-WA0038-750x1333.jpg 750w\" sizes=\"auto, (max-width: 900px) 100vw, 900px\" \/><\/figure>","protected":false},"excerpt":{"rendered":"<p>Miguel Salinas Hern\u00e1ndez, Coordinador de Servicios P\u00fablicos Municipales en Huamantla, pide la colaboraci\u00f3n de la poblaci\u00f3n de este lugar, para que eviten dejar su desechos en la v\u00eda p\u00fablica y esperar a que pase el cami\u00f3n recolector. El Coordinador agreg\u00f3 que el servicio de limpia se ejecuta de lunes a s\u00e1bado, los domingos no hay [&hellip;]<\/p>\n","protected":false},"author":7,"featured_media":94112,"comment_status":"open","ping_status":"open","sticky":false,"template":"","format":"standard","meta":{"om_disable_all_campaigns":false,"_monsterinsights_skip_tracking":false,"_monsterinsights_sitenote_active":false,"_monsterinsights_sitenote_note":"","_monsterinsights_sitenote_category":0,"jnews-multi-image_gallery":[],"jnews_single_post":{"format":"standard"},"jnews_primary_category":[],"footnotes":""},"categories":[1],"tags":[],"class_list":["post-94111","post","type-post","status-publish","format-standard","has-post-thumbnail","hentry","category-uncategorized"],"aioseo_notices":[],"_links":{"self":[{"href":"https:\/\/estado29.mx\/index.php?rest_route=\/wp\/v2\/posts\/94111","targetHints":{"allow":["GET"]}}],"collection":[{"href":"https:\/\/estado29.mx\/index.php?rest_route=\/wp\/v2\/posts"}],"about":[{"href":"https:\/\/estado29.mx\/index.php?rest_route=\/wp\/v2\/types\/post"}],"author":[{"embeddable":true,"href":"https:\/\/estado29.mx\/index.php?rest_route=\/wp\/v2\/users\/7"}],"replies":[{"embeddable":true,"href":"https:\/\/estado29.mx\/index.php?rest_route=%2Fwp%2Fv2%2Fcomments&post=94111"}],"version-history":[{"count":1,"href":"https:\/\/estado29.mx\/index.php?rest_route=\/wp\/v2\/posts\/94111\/revisions"}],"predecessor-version":[{"id":94116,"href":"https:\/\/estado29.mx\/index.php?rest_route=\/wp\/v2\/posts\/94111\/revisions\/94116"}],"wp:featuredmedia":[{"embeddable":true,"href":"https:\/\/estado29.mx\/index.php?rest_route=\/wp\/v2\/media\/94112"}],"wp:attachment":[{"href":"https:\/\/estado29.mx\/index.php?rest_route=%2Fwp%2Fv2%2Fmedia&parent=94111"}],"wp:term":[{"taxonomy":"category","embeddable":true,"href":"https:\/\/estado29.mx\/index.php?rest_route=%2Fwp%2Fv2%2Fcategories&post=94111"},{"taxonomy":"post_tag","embeddable":true,"href":"https:\/\/estado29.mx\/index.php?rest_route=%2Fwp%2Fv2%2Ftags&post=94111"}],"curies":[{"name":"wp","href":"https:\/\/api.w.org\/{rel}","templated":true}]}}