{"id":94117,"date":"2025-03-11T19:09:40","date_gmt":"2025-03-11T19:09:40","guid":{"rendered":"https:\/\/estado29.mx\/?p=94117"},"modified":"2025-03-11T19:09:40","modified_gmt":"2025-03-11T19:09:40","slug":"invita-gobierno-de-ixtenco-a-inscribirse-en-la-tercera-jornada-de-empleo-temporal-2025","status":"publish","type":"post","link":"https:\/\/estado29.mx\/?p=94117","title":{"rendered":"Invita Gobierno de Ixtenco a inscribirse en la Tercera Jornada de Empleo Temporal 2025."},"content":{"rendered":"\n<p><\/p>\n\n\n\n<p>Con el firme compromiso de impulsar el empleo digno y fortalecer la recuperaci\u00f3n de espacios p\u00fablicos en la comunidad, el H. Ayuntamiento de Ixtenco, encabezado por la Presidenta Municipal Miriam Aline Lazo Caballero, hace una cordial invitaci\u00f3n a la poblaci\u00f3n para participar en la Tercera Jornada de Empleo Temporal 2025, en el marco del programa \u201cBienestar para tu Econom\u00eda\u201d.<\/p>\n\n\n\n<p>Esta iniciativa tiene como objetivo principal brindar oportunidades laborales a los habitantes del municipio, permiti\u00e9ndoles acceder a ingresos econ\u00f3micos mientras contribuyen activamente a la mejora del entorno urbano. <\/p>\n\n\n\n<p>A trav\u00e9s de este programa, se fomenta la inclusi\u00f3n laboral y el bienestar de las familias, generando un impacto positivo en la econom\u00eda local.<\/p>\n\n\n\n<p>La Coordinadora de Bienestar Municipal, Ana Laura Moreno, responsable de la ejecuci\u00f3n de este programa, destac\u00f3 la importancia de esta jornada como un esfuerzo del gobierno municipal para apoyar a quienes buscan una oportunidad de empleo temporal y contribuir al desarrollo de la comunidad.<\/p>\n\n\n\n<p><br>Para participar en la jornada, los interesados deber\u00e1n cumplir con los siguientes requisitos y presentar la documentaci\u00f3n correspondiente:<\/p>\n\n\n\n<p><br>\u2022\u2060 \u2060Solicitud de inscripci\u00f3n (disponible en la Oficina de Bienestar Municipal).<br>\u2022\u2060 \u2060Identificaci\u00f3n oficial vigente (INE o pasaporte).<br>\u2022\u2060 \u2060Clave \u00danica de Registro de Poblaci\u00f3n (CURP).<br>\u2022\u2060 \u2060Comprobante de domicilio actualizado (no mayor a tres meses de antig\u00fcedad).<br>Recepci\u00f3n de solicitudes:<br>\u2022\u2060 \u2060Fechas: Del 10 al 13 de marzo de 2025.<br>\u2022\u2060 \u2060Horario: De 9:00 a 13:00 horas.<br>\u2022\u2060 \u2060Lugar: Oficina de Bienestar Municipal, ubicada en el Palacio Municipal de Ixtenco.<\/p>\n\n\n\n<p>La Presidenta Municipal, Miriam Aline Lazo Caballero, reiter\u00f3 su compromiso con la generaci\u00f3n de oportunidades laborales y el fortalecimiento del bienestar de la comunidad. Se invita a todas las personas interesadas en participar en esta jornada a acudir en las fechas establecidas y formar parte de esta iniciativa que contribuye al desarrollo econ\u00f3mico y social del municipio.<\/p>\n\n\n<figure class=\"wp-block-post-featured-image\"><img loading=\"lazy\" decoding=\"async\" width=\"1028\" height=\"1280\" src=\"https:\/\/estado29.mx\/wp-content\/uploads\/2025\/03\/IMG-20250310-WA0029.jpg\" class=\"attachment-post-thumbnail size-post-thumbnail wp-post-image\" alt=\"\" style=\"object-fit:cover;\" srcset=\"https:\/\/estado29.mx\/wp-content\/uploads\/2025\/03\/IMG-20250310-WA0029.jpg 1028w, https:\/\/estado29.mx\/wp-content\/uploads\/2025\/03\/IMG-20250310-WA0029-241x300.jpg 241w, https:\/\/estado29.mx\/wp-content\/uploads\/2025\/03\/IMG-20250310-WA0029-822x1024.jpg 822w, https:\/\/estado29.mx\/wp-content\/uploads\/2025\/03\/IMG-20250310-WA0029-768x956.jpg 768w, https:\/\/estado29.mx\/wp-content\/uploads\/2025\/03\/IMG-20250310-WA0029-750x934.jpg 750w\" sizes=\"auto, (max-width: 1028px) 100vw, 1028px\" \/><\/figure>","protected":false},"excerpt":{"rendered":"<p>Con el firme compromiso de impulsar el empleo digno y fortalecer la recuperaci\u00f3n de espacios p\u00fablicos en la comunidad, el H. Ayuntamiento de Ixtenco, encabezado por la Presidenta Municipal Miriam Aline Lazo Caballero, hace una cordial invitaci\u00f3n a la poblaci\u00f3n para participar en la Tercera Jornada de Empleo Temporal 2025, en el marco del programa [&hellip;]<\/p>\n","protected":false},"author":7,"featured_media":94118,"comment_status":"open","ping_status":"open","sticky":false,"template":"","format":"standard","meta":{"om_disable_all_campaigns":false,"_monsterinsights_skip_tracking":false,"_monsterinsights_sitenote_active":false,"_monsterinsights_sitenote_note":"","_monsterinsights_sitenote_category":0,"jnews-multi-image_gallery":[],"jnews_single_post":{"format":"standard"},"jnews_primary_category":[],"footnotes":""},"categories":[1],"tags":[],"class_list":["post-94117","post","type-post","status-publish","format-standard","has-post-thumbnail","hentry","category-uncategorized"],"aioseo_notices":[],"_links":{"self":[{"href":"https:\/\/estado29.mx\/index.php?rest_route=\/wp\/v2\/posts\/94117","targetHints":{"allow":["GET"]}}],"collection":[{"href":"https:\/\/estado29.mx\/index.php?rest_route=\/wp\/v2\/posts"}],"about":[{"href":"https:\/\/estado29.mx\/index.php?rest_route=\/wp\/v2\/types\/post"}],"author":[{"embeddable":true,"href":"https:\/\/estado29.mx\/index.php?rest_route=\/wp\/v2\/users\/7"}],"replies":[{"embeddable":true,"href":"https:\/\/estado29.mx\/index.php?rest_route=%2Fwp%2Fv2%2Fcomments&post=94117"}],"version-history":[{"count":1,"href":"https:\/\/estado29.mx\/index.php?rest_route=\/wp\/v2\/posts\/94117\/revisions"}],"predecessor-version":[{"id":94119,"href":"https:\/\/estado29.mx\/index.php?rest_route=\/wp\/v2\/posts\/94117\/revisions\/94119"}],"wp:featuredmedia":[{"embeddable":true,"href":"https:\/\/estado29.mx\/index.php?rest_route=\/wp\/v2\/media\/94118"}],"wp:attachment":[{"href":"https:\/\/estado29.mx\/index.php?rest_route=%2Fwp%2Fv2%2Fmedia&parent=94117"}],"wp:term":[{"taxonomy":"category","embeddable":true,"href":"https:\/\/estado29.mx\/index.php?rest_route=%2Fwp%2Fv2%2Fcategories&post=94117"},{"taxonomy":"post_tag","embeddable":true,"href":"https:\/\/estado29.mx\/index.php?rest_route=%2Fwp%2Fv2%2Ftags&post=94117"}],"curies":[{"name":"wp","href":"https:\/\/api.w.org\/{rel}","templated":true}]}}