{"id":94120,"date":"2025-03-11T19:13:42","date_gmt":"2025-03-11T19:13:42","guid":{"rendered":"https:\/\/estado29.mx\/?p=94120"},"modified":"2025-03-11T19:13:43","modified_gmt":"2025-03-11T19:13:43","slug":"autoridades-de-ixtenco-continuan-informando-sobre-veneros-y-agua-rodada-de-la-malinche","status":"publish","type":"post","link":"https:\/\/estado29.mx\/?p=94120","title":{"rendered":"Autoridades de Ixtenco Contin\u00faan Informando Sobre Veneros y Agua Rodada de la Malinche."},"content":{"rendered":"\n<p><br>Con el objetivo de brindar informaci\u00f3n clara y oportuna a la ciudadan\u00eda, la Presidenta Municipal de Ixtenco, Miriam Aline Lazo Caballero, junto con los integrantes de su Cabildo y la Administraci\u00f3n P\u00fablica, contin\u00faan recorriendo los barrios del municipio para informar sobre el proceso de gestiones, en torno al agua rodada y los veneros de la Malinche.<\/p>\n\n\n\n<p><br>Durante estas reuniones, se est\u00e1 presentando el orden cronol\u00f3gico de la informaci\u00f3n relacionada con este tema, incluyendo las respuestas de las dependencias federales correspondientes. Adem\u00e1s, las autoridades municipales est\u00e1n resolviendo dudas y entregando documentaci\u00f3n que respalda los trabajos realizados por la administraci\u00f3n en estas gestiones.<\/p>\n\n\n\n<figure class=\"wp-block-image size-large\"><img loading=\"lazy\" decoding=\"async\" width=\"1024\" height=\"1024\" src=\"https:\/\/estado29.mx\/wp-content\/uploads\/2025\/03\/IMG-20250310-WA0050-1024x1024.jpg\" alt=\"\" class=\"wp-image-94122\" srcset=\"https:\/\/estado29.mx\/wp-content\/uploads\/2025\/03\/IMG-20250310-WA0050-1024x1024.jpg 1024w, https:\/\/estado29.mx\/wp-content\/uploads\/2025\/03\/IMG-20250310-WA0050-300x300.jpg 300w, https:\/\/estado29.mx\/wp-content\/uploads\/2025\/03\/IMG-20250310-WA0050-150x150.jpg 150w, https:\/\/estado29.mx\/wp-content\/uploads\/2025\/03\/IMG-20250310-WA0050-768x768.jpg 768w, https:\/\/estado29.mx\/wp-content\/uploads\/2025\/03\/IMG-20250310-WA0050-1536x1536.jpg 1536w, https:\/\/estado29.mx\/wp-content\/uploads\/2025\/03\/IMG-20250310-WA0050-75x75.jpg 75w, https:\/\/estado29.mx\/wp-content\/uploads\/2025\/03\/IMG-20250310-WA0050-350x350.jpg 350w, https:\/\/estado29.mx\/wp-content\/uploads\/2025\/03\/IMG-20250310-WA0050-750x750.jpg 750w, https:\/\/estado29.mx\/wp-content\/uploads\/2025\/03\/IMG-20250310-WA0050-1140x1140.jpg 1140w, https:\/\/estado29.mx\/wp-content\/uploads\/2025\/03\/IMG-20250310-WA0050.jpg 1600w\" sizes=\"auto, (max-width: 1024px) 100vw, 1024px\" \/><\/figure>\n\n\n\n<p>Hasta el momento, ya se han visitado cuatro de los nueve barrios del municipio, y este martes 11 de marzo se dar\u00e1 continuidad con tres m\u00e1s en los siguientes puntos:<\/p>\n\n\n\n<ul class=\"wp-block-list\">\n<li>Barrio de Resurrecci\u00f3n 1<br> Calle Emiliano Zapata con 6 Norte<br> 16:00 hrs<\/li>\n\n\n\n<li>Barrio San Gabriel 2<br>Calle 5 Oriente con 4 Sur<br> 17:00 hrs<\/li>\n\n\n\n<li>Barrio San Juan 1<br>Calle 3 Norte esquina 2 Poniente     18:00 hrs<\/li>\n<\/ul>\n\n\n\n<p>Con esta jornada, ser\u00e1n siete los barrios visitados, y en los pr\u00f3ximos d\u00edas se dar\u00e1 continuidad a los \u00faltimos tres, con el objetivo de que toda la poblaci\u00f3n cuente con informaci\u00f3n de primera mano sobre este tema.<\/p>\n\n\n\n<figure class=\"wp-block-image size-large\"><img loading=\"lazy\" decoding=\"async\" width=\"1024\" height=\"1024\" src=\"https:\/\/estado29.mx\/wp-content\/uploads\/2025\/03\/IMG-20250310-WA0048-1024x1024.jpg\" alt=\"\" class=\"wp-image-94124\" srcset=\"https:\/\/estado29.mx\/wp-content\/uploads\/2025\/03\/IMG-20250310-WA0048-1024x1024.jpg 1024w, https:\/\/estado29.mx\/wp-content\/uploads\/2025\/03\/IMG-20250310-WA0048-300x300.jpg 300w, https:\/\/estado29.mx\/wp-content\/uploads\/2025\/03\/IMG-20250310-WA0048-150x150.jpg 150w, https:\/\/estado29.mx\/wp-content\/uploads\/2025\/03\/IMG-20250310-WA0048-768x768.jpg 768w, https:\/\/estado29.mx\/wp-content\/uploads\/2025\/03\/IMG-20250310-WA0048-1536x1536.jpg 1536w, https:\/\/estado29.mx\/wp-content\/uploads\/2025\/03\/IMG-20250310-WA0048-75x75.jpg 75w, https:\/\/estado29.mx\/wp-content\/uploads\/2025\/03\/IMG-20250310-WA0048-350x350.jpg 350w, https:\/\/estado29.mx\/wp-content\/uploads\/2025\/03\/IMG-20250310-WA0048-750x750.jpg 750w, https:\/\/estado29.mx\/wp-content\/uploads\/2025\/03\/IMG-20250310-WA0048-1140x1140.jpg 1140w, https:\/\/estado29.mx\/wp-content\/uploads\/2025\/03\/IMG-20250310-WA0048.jpg 1600w\" sizes=\"auto, (max-width: 1024px) 100vw, 1024px\" \/><\/figure>\n\n\n\n<p>La Presidenta Municipal, Aline Lazo Caballero, destac\u00f3 que estos encuentros son fundamentales para la transparencia y el di\u00e1logo con la ciudadan\u00eda, reafirmando el compromiso del Ayuntamiento con el bienestar de los habitantes de Ixtenco.<\/p>\n\n\n\n<p>Se hace la invitaci\u00f3n a la poblaci\u00f3n a participar en estas reuniones informativas y conocer m\u00e1s sobre este tema de vital importancia para el municipio.<\/p>\n\n\n<figure class=\"wp-block-post-featured-image\"><img loading=\"lazy\" decoding=\"async\" width=\"1600\" height=\"1600\" src=\"https:\/\/estado29.mx\/wp-content\/uploads\/2025\/03\/IMG-20250310-WA0049.jpg\" class=\"attachment-post-thumbnail size-post-thumbnail wp-post-image\" alt=\"\" style=\"object-fit:cover;\" srcset=\"https:\/\/estado29.mx\/wp-content\/uploads\/2025\/03\/IMG-20250310-WA0049.jpg 1600w, https:\/\/estado29.mx\/wp-content\/uploads\/2025\/03\/IMG-20250310-WA0049-300x300.jpg 300w, https:\/\/estado29.mx\/wp-content\/uploads\/2025\/03\/IMG-20250310-WA0049-1024x1024.jpg 1024w, https:\/\/estado29.mx\/wp-content\/uploads\/2025\/03\/IMG-20250310-WA0049-150x150.jpg 150w, https:\/\/estado29.mx\/wp-content\/uploads\/2025\/03\/IMG-20250310-WA0049-768x768.jpg 768w, https:\/\/estado29.mx\/wp-content\/uploads\/2025\/03\/IMG-20250310-WA0049-1536x1536.jpg 1536w, https:\/\/estado29.mx\/wp-content\/uploads\/2025\/03\/IMG-20250310-WA0049-75x75.jpg 75w, https:\/\/estado29.mx\/wp-content\/uploads\/2025\/03\/IMG-20250310-WA0049-350x350.jpg 350w, https:\/\/estado29.mx\/wp-content\/uploads\/2025\/03\/IMG-20250310-WA0049-750x750.jpg 750w, https:\/\/estado29.mx\/wp-content\/uploads\/2025\/03\/IMG-20250310-WA0049-1140x1140.jpg 1140w\" sizes=\"auto, (max-width: 1600px) 100vw, 1600px\" \/><\/figure>","protected":false},"excerpt":{"rendered":"<p>Con el objetivo de brindar informaci\u00f3n clara y oportuna a la ciudadan\u00eda, la Presidenta Municipal de Ixtenco, Miriam Aline Lazo Caballero, junto con los integrantes de su Cabildo y la Administraci\u00f3n P\u00fablica, contin\u00faan recorriendo los barrios del municipio para informar sobre el proceso de gestiones, en torno al agua rodada y los veneros de la [&hellip;]<\/p>\n","protected":false},"author":7,"featured_media":94121,"comment_status":"open","ping_status":"open","sticky":false,"template":"","format":"standard","meta":{"om_disable_all_campaigns":false,"_monsterinsights_skip_tracking":false,"_monsterinsights_sitenote_active":false,"_monsterinsights_sitenote_note":"","_monsterinsights_sitenote_category":0,"jnews-multi-image_gallery":[],"jnews_single_post":{"format":"standard"},"jnews_primary_category":[],"footnotes":""},"categories":[1],"tags":[],"class_list":["post-94120","post","type-post","status-publish","format-standard","has-post-thumbnail","hentry","category-uncategorized"],"aioseo_notices":[],"_links":{"self":[{"href":"https:\/\/estado29.mx\/index.php?rest_route=\/wp\/v2\/posts\/94120","targetHints":{"allow":["GET"]}}],"collection":[{"href":"https:\/\/estado29.mx\/index.php?rest_route=\/wp\/v2\/posts"}],"about":[{"href":"https:\/\/estado29.mx\/index.php?rest_route=\/wp\/v2\/types\/post"}],"author":[{"embeddable":true,"href":"https:\/\/estado29.mx\/index.php?rest_route=\/wp\/v2\/users\/7"}],"replies":[{"embeddable":true,"href":"https:\/\/estado29.mx\/index.php?rest_route=%2Fwp%2Fv2%2Fcomments&post=94120"}],"version-history":[{"count":1,"href":"https:\/\/estado29.mx\/index.php?rest_route=\/wp\/v2\/posts\/94120\/revisions"}],"predecessor-version":[{"id":94125,"href":"https:\/\/estado29.mx\/index.php?rest_route=\/wp\/v2\/posts\/94120\/revisions\/94125"}],"wp:featuredmedia":[{"embeddable":true,"href":"https:\/\/estado29.mx\/index.php?rest_route=\/wp\/v2\/media\/94121"}],"wp:attachment":[{"href":"https:\/\/estado29.mx\/index.php?rest_route=%2Fwp%2Fv2%2Fmedia&parent=94120"}],"wp:term":[{"taxonomy":"category","embeddable":true,"href":"https:\/\/estado29.mx\/index.php?rest_route=%2Fwp%2Fv2%2Fcategories&post=94120"},{"taxonomy":"post_tag","embeddable":true,"href":"https:\/\/estado29.mx\/index.php?rest_route=%2Fwp%2Fv2%2Ftags&post=94120"}],"curies":[{"name":"wp","href":"https:\/\/api.w.org\/{rel}","templated":true}]}}