{"id":94137,"date":"2025-03-12T13:16:20","date_gmt":"2025-03-12T13:16:20","guid":{"rendered":"https:\/\/estado29.mx\/?p=94137"},"modified":"2025-03-12T13:16:21","modified_gmt":"2025-03-12T13:16:21","slug":"concluye-con-exito-en-la-uatx-el-certamen-nacional-de-oratoria-homo-universitatis","status":"publish","type":"post","link":"https:\/\/estado29.mx\/?p=94137","title":{"rendered":"Concluye con \u00e9xito en la UATx el certamen nacional de oratoria Homo Universitatis"},"content":{"rendered":"\n<p><\/p>\n\n\n\n<p>Esta disciplina permite reconstruir el tejido familiar, la b\u00fasqueda de soluciones pac\u00edficas, terminar las controversias entre los pueblos y pugnar por la concordia<\/p>\n\n\n\n<p>Con una amplia respuesta de la comunidad educativa nacional, concluy\u00f3 en la Universidad Aut\u00f3noma de Tlaxcala (UATx) el concurso de oratoria Homo Universitatis con el triunfo de Adri\u00e1n Castellanos Nanguyazm\u00fa, estudiante de la Facultad Libre de Derecho Chiapas, quien obtuvo el primer lugar, mientras que Marian Luc\u00eda Alem\u00e1n G\u00f3mez de la Licenciatura en Derecho de la Universidad Aut\u00f3noma de Nuevo Le\u00f3n y Miguel \u00c1ngel Mendoza \u00c1lvarez de la Licenciatura en Derecho de la Universidad Nacional Aut\u00f3noma de M\u00e9xico, obtuvieron la segunda y tercera posiciones, respectivamente.<\/p>\n\n\n\n<p>La organizaci\u00f3n del certamen nacional estuvo a cargo de la Facultad de Derecho, Ciencias Pol\u00edticas y Criminolog\u00eda de la UATx, en colaboraci\u00f3n con la Barra Mexicana del Colegio de Abogados A.C. y la Academia de Oratoria Forense. Compitieron 35 estudiantes que representaron a 17 instituciones de educaci\u00f3n superior del pa\u00eds, en el marco del D\u00eda Internacional de la Oratoria.<\/p>\n\n\n\n<p>La Doctora Lilibeth Portillo Rumbo, Coordinadora de la Divisi\u00f3n de Ciencias Sociales y Administrativas, en representaci\u00f3n del Doctor Seraf\u00edn Ortiz Ortiz, Rector de la UATx, enfatiz\u00f3 que son el Modelo Humanista Integrador basado en Capacidades esta Instituci\u00f3n busca&nbsp; preparar a los estudiantes de forma acad\u00e9mica y como seres humanos responsables con su entorno y sensibles a las necesidades sociales, de ah\u00ed que la oratoria adquiera su relevancia, porque a trav\u00e9s de la palabra&nbsp; se reafirma la identidad, se forja el car\u00e1cter y se proyecta el liderazgo de&nbsp; los educandos.<\/p>\n\n\n\n<p>En tanto, el Doctor Ra\u00fal Contreras Bustamante, Presidente del Jurado y distinguido jurista, indic\u00f3 que este foro re\u00fane a la academia con un objetivo com\u00fan que es la palabra y la raz\u00f3n, por ello, exhort\u00f3 a los alumnos a aprender la oratoria en virtud que a trav\u00e9s de esta disciplina se puede convencer, persuadir y conmover a los grupos sociales, lo cual permitir\u00e1 que se vuelva a <a>reconstruir el tejido familiar, se busquen soluciones pac\u00edficas, terminar las controversias entre los pueblos y pugnar por la concordia<\/a>.<\/p>\n\n\n\n<p>Por su parte, el Doctor Edgar Gonz\u00e1lez P\u00e9rez, Director de la Facultad de Derecho de la Universidad Aut\u00f3noma de Quer\u00e9taro, expres\u00f3 que este encuentro permite que la oratoria entre en una nueva etapa a la luz de los cambios importantes que se tienen en el sistema jur\u00eddico mexicano, dado que representa una oportunidad para recuperar el discurso, el debate y el valor de la palabra que hoy hace tanta falta. Recalc\u00f3 que para su entidad federativa ser\u00e1 de suma importancia recibir el siguiente a\u00f1o este certamen en la cuna del federalismo y en el marco de los 198 a\u00f1os de la creaci\u00f3n de la Facultad de Derecho de la Aut\u00f3noma de Quer\u00e9taro.<\/p>\n\n\n\n<p>En su oportunidad, el Maestro Dante Morales Cruz, Director de la Facultad de Derecho, Ciencias Pol\u00edticas y Criminolog\u00eda, dijo que a lo largo de estos tres d\u00edas de actividad del concurso nacional de oratoria&nbsp; los oradores han convertido a la UATx en una tribuna en la que se han expuesto inquietudes y temas que son de inter\u00e9s para los universitarios, lo cual ha propiciado un di\u00e1logo entre las instituciones para impulsar la oralidad, dado que el rumbo del Derecho se enfoca al discurso y la expresi\u00f3n oral.<\/p>\n\n\n\n<p>Se cont\u00f3 con la presencia de Maestro Arturo Pueblita Fern\u00e1ndez, Presidente del Colegio Nacional de Abogados de M\u00e9xico; Doctora Hilda Nucci Gonz\u00e1lez, Consejera Jur\u00eddica de la Academia Mexicana de la Comunicaci\u00f3n; Maestra Magdiel Georgina Galicia, Vicepresidenta del Cap\u00edtulo Tlaxcala de la Barra Mexicana Colegio de Abogados; y el Maestro Iv\u00e1n Adelchi Pe\u00f1a Estrada, Coordinador Nacional de la Academia de Oratoria Forense.<\/p>\n","protected":false},"excerpt":{"rendered":"<p>Esta disciplina permite reconstruir el tejido familiar, la b\u00fasqueda de soluciones pac\u00edficas, terminar las controversias entre los pueblos y pugnar por la concordia Con una amplia respuesta de la comunidad educativa nacional, concluy\u00f3 en la Universidad Aut\u00f3noma de Tlaxcala (UATx) el concurso de oratoria Homo Universitatis con el triunfo de Adri\u00e1n Castellanos Nanguyazm\u00fa, estudiante de [&hellip;]<\/p>\n","protected":false},"author":4,"featured_media":94138,"comment_status":"open","ping_status":"open","sticky":false,"template":"","format":"standard","meta":{"om_disable_all_campaigns":false,"_monsterinsights_skip_tracking":false,"_monsterinsights_sitenote_active":false,"_monsterinsights_sitenote_note":"","_monsterinsights_sitenote_category":0,"jnews-multi-image_gallery":[],"jnews_single_post":{"format":"standard"},"jnews_primary_category":[],"footnotes":""},"categories":[1],"tags":[],"class_list":["post-94137","post","type-post","status-publish","format-standard","has-post-thumbnail","hentry","category-uncategorized"],"aioseo_notices":[],"_links":{"self":[{"href":"https:\/\/estado29.mx\/index.php?rest_route=\/wp\/v2\/posts\/94137","targetHints":{"allow":["GET"]}}],"collection":[{"href":"https:\/\/estado29.mx\/index.php?rest_route=\/wp\/v2\/posts"}],"about":[{"href":"https:\/\/estado29.mx\/index.php?rest_route=\/wp\/v2\/types\/post"}],"author":[{"embeddable":true,"href":"https:\/\/estado29.mx\/index.php?rest_route=\/wp\/v2\/users\/4"}],"replies":[{"embeddable":true,"href":"https:\/\/estado29.mx\/index.php?rest_route=%2Fwp%2Fv2%2Fcomments&post=94137"}],"version-history":[{"count":1,"href":"https:\/\/estado29.mx\/index.php?rest_route=\/wp\/v2\/posts\/94137\/revisions"}],"predecessor-version":[{"id":94139,"href":"https:\/\/estado29.mx\/index.php?rest_route=\/wp\/v2\/posts\/94137\/revisions\/94139"}],"wp:featuredmedia":[{"embeddable":true,"href":"https:\/\/estado29.mx\/index.php?rest_route=\/wp\/v2\/media\/94138"}],"wp:attachment":[{"href":"https:\/\/estado29.mx\/index.php?rest_route=%2Fwp%2Fv2%2Fmedia&parent=94137"}],"wp:term":[{"taxonomy":"category","embeddable":true,"href":"https:\/\/estado29.mx\/index.php?rest_route=%2Fwp%2Fv2%2Fcategories&post=94137"},{"taxonomy":"post_tag","embeddable":true,"href":"https:\/\/estado29.mx\/index.php?rest_route=%2Fwp%2Fv2%2Ftags&post=94137"}],"curies":[{"name":"wp","href":"https:\/\/api.w.org\/{rel}","templated":true}]}}