{"id":94155,"date":"2025-03-12T19:44:32","date_gmt":"2025-03-12T19:44:32","guid":{"rendered":"https:\/\/estado29.mx\/?p=94155"},"modified":"2025-03-12T19:44:33","modified_gmt":"2025-03-12T19:44:33","slug":"registra-avance-significativo-rehabilitacion-de-alberca-totolcingo-en-el-carmen-tequexquitla","status":"publish","type":"post","link":"https:\/\/estado29.mx\/?p=94155","title":{"rendered":"Registra avance significativo Rehabilitaci\u00f3n de Alberca Totolcingo en el Carmen Tequexquitla."},"content":{"rendered":"\n<p><br>La Presidenta Municipal de el Carmen Tequexquitla, Mar\u00eda Araceli Mart\u00ednez Cort\u00e9s, refiri\u00f3 que la obra que se lleva a cabo en la Alberca Totolcingo de este lugar, se encuentra en su etapa final.<\/p>\n\n\n\n<p><br>La alcaldesa agreg\u00f3 que estos trabajos se realizaron por personal del ayuntamiento con pobladores que se dedican a la producci\u00f3n de tequexquite, a quienes les agradeci\u00f3 su colaboraci\u00f3n en esta obra complementaria a la instalaci\u00f3n de paneles solares en el pozo del mismo nombre.<\/p>\n\n\n\n<p><br>Asimismo, dijo que en pr\u00f3ximos d\u00edas, adem\u00e1s de llevarse a cabo la reinauguraci\u00f3n de esta obra, pobladores y visitantes, podr\u00e1n apreciar esta alberca de aguas termales, que a su vez con el agua de paso que la llenar\u00e1, tambi\u00e9n estar\u00e1 dando vida a los terrenos de producci\u00f3n de tequexquite.<\/p>\n\n\n\n<p>Para finalizar, hizo extensa la invitaci\u00f3n a quienes gusten visitar el municipio, sus diversas vistas y atractivos que posee.<\/p>\n\n\n<figure class=\"wp-block-post-featured-image\"><img loading=\"lazy\" decoding=\"async\" width=\"617\" height=\"393\" src=\"https:\/\/estado29.mx\/wp-content\/uploads\/2025\/03\/Screenshot_2025-03-12-13-42-25-1142.jpg\" class=\"attachment-post-thumbnail size-post-thumbnail wp-post-image\" alt=\"\" style=\"object-fit:cover;\" srcset=\"https:\/\/estado29.mx\/wp-content\/uploads\/2025\/03\/Screenshot_2025-03-12-13-42-25-1142.jpg 617w, https:\/\/estado29.mx\/wp-content\/uploads\/2025\/03\/Screenshot_2025-03-12-13-42-25-1142-300x191.jpg 300w\" sizes=\"auto, (max-width: 617px) 100vw, 617px\" \/><\/figure>","protected":false},"excerpt":{"rendered":"<p>La Presidenta Municipal de el Carmen Tequexquitla, Mar\u00eda Araceli Mart\u00ednez Cort\u00e9s, refiri\u00f3 que la obra que se lleva a cabo en la Alberca Totolcingo de este lugar, se encuentra en su etapa final. La alcaldesa agreg\u00f3 que estos trabajos se realizaron por personal del ayuntamiento con pobladores que se dedican a la producci\u00f3n de tequexquite, [&hellip;]<\/p>\n","protected":false},"author":7,"featured_media":94156,"comment_status":"open","ping_status":"open","sticky":false,"template":"","format":"standard","meta":{"om_disable_all_campaigns":false,"_monsterinsights_skip_tracking":false,"_monsterinsights_sitenote_active":false,"_monsterinsights_sitenote_note":"","_monsterinsights_sitenote_category":0,"jnews-multi-image_gallery":[],"jnews_single_post":{"format":"standard"},"jnews_primary_category":[],"footnotes":""},"categories":[1],"tags":[],"class_list":["post-94155","post","type-post","status-publish","format-standard","has-post-thumbnail","hentry","category-uncategorized"],"aioseo_notices":[],"_links":{"self":[{"href":"https:\/\/estado29.mx\/index.php?rest_route=\/wp\/v2\/posts\/94155","targetHints":{"allow":["GET"]}}],"collection":[{"href":"https:\/\/estado29.mx\/index.php?rest_route=\/wp\/v2\/posts"}],"about":[{"href":"https:\/\/estado29.mx\/index.php?rest_route=\/wp\/v2\/types\/post"}],"author":[{"embeddable":true,"href":"https:\/\/estado29.mx\/index.php?rest_route=\/wp\/v2\/users\/7"}],"replies":[{"embeddable":true,"href":"https:\/\/estado29.mx\/index.php?rest_route=%2Fwp%2Fv2%2Fcomments&post=94155"}],"version-history":[{"count":1,"href":"https:\/\/estado29.mx\/index.php?rest_route=\/wp\/v2\/posts\/94155\/revisions"}],"predecessor-version":[{"id":94157,"href":"https:\/\/estado29.mx\/index.php?rest_route=\/wp\/v2\/posts\/94155\/revisions\/94157"}],"wp:featuredmedia":[{"embeddable":true,"href":"https:\/\/estado29.mx\/index.php?rest_route=\/wp\/v2\/media\/94156"}],"wp:attachment":[{"href":"https:\/\/estado29.mx\/index.php?rest_route=%2Fwp%2Fv2%2Fmedia&parent=94155"}],"wp:term":[{"taxonomy":"category","embeddable":true,"href":"https:\/\/estado29.mx\/index.php?rest_route=%2Fwp%2Fv2%2Fcategories&post=94155"},{"taxonomy":"post_tag","embeddable":true,"href":"https:\/\/estado29.mx\/index.php?rest_route=%2Fwp%2Fv2%2Ftags&post=94155"}],"curies":[{"name":"wp","href":"https:\/\/api.w.org\/{rel}","templated":true}]}}