{"id":94168,"date":"2025-03-13T19:23:20","date_gmt":"2025-03-13T19:23:20","guid":{"rendered":"https:\/\/estado29.mx\/?p=94168"},"modified":"2025-03-13T19:23:20","modified_gmt":"2025-03-13T19:23:20","slug":"con-exito-culmina-jornada-de-esterilizacion-canina-y-felina-en-comunidades-y-cabecera-municipal-de-huamantla","status":"publish","type":"post","link":"https:\/\/estado29.mx\/?p=94168","title":{"rendered":"Con \u00e9xito culmina Jornada de Esterilizaci\u00f3n Canina y Felina en comunidades y cabecera municipal de Huamantla."},"content":{"rendered":"\n<p><br>El Coordinador del \u00e1rea de Agricultura, Ganader\u00eda y Bienestar Animal en el Municipio de Huamantla, Armando Rosete S\u00e1nchez, refiri\u00f3 que tras la reciente jornada de esterilizaci\u00f3n canina y felina, llevada a cabo en comunidades y cabecera municipal, se tuvo buena participaci\u00f3n de los huamantlecos.<\/p>\n\n\n\n<p><br>El Coordinador agreg\u00f3 que esta accion se realiz\u00f3 en conjunto con la Secretar\u00eda de Salud, en la que por doce d\u00edas, se realizaron m\u00e1s de 400 esterilizaciones, lo que reducir\u00e1 la natalidad de al menos unos 3000 perros, por un periodo de un a\u00f1o.<\/p>\n\n\n\n<p><br>Asimismo, dijo que en coordinaci\u00f3n con el Sistema Municipal para el Desarrollo Integral de la Familia (SMDIF), se continuar\u00e1 realizando Campa\u00f1as de Esterilizaci\u00f3n en las comunidades, por lo que invit\u00f3 a la ciudadan\u00eda a estar atentos al calendario establecido y los horarios en que se realizar\u00e1n.<\/p>\n\n\n<figure class=\"wp-block-post-featured-image\"><img loading=\"lazy\" decoding=\"async\" width=\"2304\" height=\"2560\" src=\"https:\/\/estado29.mx\/wp-content\/uploads\/2025\/03\/IMG_20250310_125002-min2-scaled.jpg\" class=\"attachment-post-thumbnail size-post-thumbnail wp-post-image\" alt=\"\" style=\"object-fit:cover;\" srcset=\"https:\/\/estado29.mx\/wp-content\/uploads\/2025\/03\/IMG_20250310_125002-min2-scaled.jpg 2304w, https:\/\/estado29.mx\/wp-content\/uploads\/2025\/03\/IMG_20250310_125002-min2-270x300.jpg 270w, https:\/\/estado29.mx\/wp-content\/uploads\/2025\/03\/IMG_20250310_125002-min2-921x1024.jpg 921w, https:\/\/estado29.mx\/wp-content\/uploads\/2025\/03\/IMG_20250310_125002-min2-768x853.jpg 768w, https:\/\/estado29.mx\/wp-content\/uploads\/2025\/03\/IMG_20250310_125002-min2-1382x1536.jpg 1382w, https:\/\/estado29.mx\/wp-content\/uploads\/2025\/03\/IMG_20250310_125002-min2-1843x2048.jpg 1843w, https:\/\/estado29.mx\/wp-content\/uploads\/2025\/03\/IMG_20250310_125002-min2-750x833.jpg 750w, https:\/\/estado29.mx\/wp-content\/uploads\/2025\/03\/IMG_20250310_125002-min2-1140x1267.jpg 1140w\" sizes=\"auto, (max-width: 2304px) 100vw, 2304px\" \/><\/figure>","protected":false},"excerpt":{"rendered":"<p>El Coordinador del \u00e1rea de Agricultura, Ganader\u00eda y Bienestar Animal en el Municipio de Huamantla, Armando Rosete S\u00e1nchez, refiri\u00f3 que tras la reciente jornada de esterilizaci\u00f3n canina y felina, llevada a cabo en comunidades y cabecera municipal, se tuvo buena participaci\u00f3n de los huamantlecos. El Coordinador agreg\u00f3 que esta accion se realiz\u00f3 en conjunto con [&hellip;]<\/p>\n","protected":false},"author":7,"featured_media":94128,"comment_status":"open","ping_status":"open","sticky":false,"template":"","format":"standard","meta":{"om_disable_all_campaigns":false,"_monsterinsights_skip_tracking":false,"_monsterinsights_sitenote_active":false,"_monsterinsights_sitenote_note":"","_monsterinsights_sitenote_category":0,"jnews-multi-image_gallery":[],"jnews_single_post":{"format":"standard"},"jnews_primary_category":[],"footnotes":""},"categories":[1],"tags":[],"class_list":["post-94168","post","type-post","status-publish","format-standard","has-post-thumbnail","hentry","category-uncategorized"],"aioseo_notices":[],"_links":{"self":[{"href":"https:\/\/estado29.mx\/index.php?rest_route=\/wp\/v2\/posts\/94168","targetHints":{"allow":["GET"]}}],"collection":[{"href":"https:\/\/estado29.mx\/index.php?rest_route=\/wp\/v2\/posts"}],"about":[{"href":"https:\/\/estado29.mx\/index.php?rest_route=\/wp\/v2\/types\/post"}],"author":[{"embeddable":true,"href":"https:\/\/estado29.mx\/index.php?rest_route=\/wp\/v2\/users\/7"}],"replies":[{"embeddable":true,"href":"https:\/\/estado29.mx\/index.php?rest_route=%2Fwp%2Fv2%2Fcomments&post=94168"}],"version-history":[{"count":1,"href":"https:\/\/estado29.mx\/index.php?rest_route=\/wp\/v2\/posts\/94168\/revisions"}],"predecessor-version":[{"id":94169,"href":"https:\/\/estado29.mx\/index.php?rest_route=\/wp\/v2\/posts\/94168\/revisions\/94169"}],"wp:featuredmedia":[{"embeddable":true,"href":"https:\/\/estado29.mx\/index.php?rest_route=\/wp\/v2\/media\/94128"}],"wp:attachment":[{"href":"https:\/\/estado29.mx\/index.php?rest_route=%2Fwp%2Fv2%2Fmedia&parent=94168"}],"wp:term":[{"taxonomy":"category","embeddable":true,"href":"https:\/\/estado29.mx\/index.php?rest_route=%2Fwp%2Fv2%2Fcategories&post=94168"},{"taxonomy":"post_tag","embeddable":true,"href":"https:\/\/estado29.mx\/index.php?rest_route=%2Fwp%2Fv2%2Ftags&post=94168"}],"curies":[{"name":"wp","href":"https:\/\/api.w.org\/{rel}","templated":true}]}}