{"id":94170,"date":"2025-03-13T19:27:22","date_gmt":"2025-03-13T19:27:22","guid":{"rendered":"https:\/\/estado29.mx\/?p=94170"},"modified":"2025-03-13T19:27:22","modified_gmt":"2025-03-13T19:27:22","slug":"ixtenco-busca-su-lugar-en-el-programa-internacional-best-tourism-village","status":"publish","type":"post","link":"https:\/\/estado29.mx\/?p=94170","title":{"rendered":"Ixtenco busca su lugar en el Programa Internacional \u201cBest Tourism Village\u201d."},"content":{"rendered":"\n<p><\/p>\n\n\n\n<p>El Gobierno Municipal de Ixtenco, que preside Miriam Aline Lazo Caballero, avanza en su estrategia para fortalecer el turismo sostenible y preservar su identidad cultural.<br>En este contexto, el director de Cultura y Turismo, David V\u00e1squez Alba\u00f1il, particip\u00f3 en una reuni\u00f3n de trabajo con la Secretar\u00eda de Turismo, donde se expusieron los requisitos y criterios esenciales para la postulaci\u00f3n de Ixtenco al prestigioso programa Best Tourism Village.<\/p>\n\n\n\n<figure class=\"wp-block-image size-full\"><img loading=\"lazy\" decoding=\"async\" width=\"960\" height=\"709\" src=\"https:\/\/estado29.mx\/wp-content\/uploads\/2025\/03\/IMG-20250313-WA0004.jpg\" alt=\"\" class=\"wp-image-94172\" srcset=\"https:\/\/estado29.mx\/wp-content\/uploads\/2025\/03\/IMG-20250313-WA0004.jpg 960w, https:\/\/estado29.mx\/wp-content\/uploads\/2025\/03\/IMG-20250313-WA0004-300x222.jpg 300w, https:\/\/estado29.mx\/wp-content\/uploads\/2025\/03\/IMG-20250313-WA0004-768x567.jpg 768w, https:\/\/estado29.mx\/wp-content\/uploads\/2025\/03\/IMG-20250313-WA0004-750x554.jpg 750w\" sizes=\"auto, (max-width: 960px) 100vw, 960px\" \/><\/figure>\n\n\n\n<p>Dicho reconocimiento, impulsado por la Organizaci\u00f3n Mundial del Turismo (OMT), busca destacar a las comunidades que promueven un turismo responsable, protegen su patrimonio cultural y natural y generan mejores condiciones de vida para sus habitantes.<\/p>\n\n\n\n<p>Durante la reuni\u00f3n, se resolvieron dudas clave y se establecieron estrategias para estructurar una propuesta s\u00f3lida que refleje la riqueza hist\u00f3rica, gastron\u00f3mica y cultural de Ixtenco, as\u00ed como sus esfuerzos por impulsar un desarrollo tur\u00edstico sustentable.<\/p>\n\n\n\n<figure class=\"wp-block-image size-large\"><img loading=\"lazy\" decoding=\"async\" width=\"1024\" height=\"768\" src=\"https:\/\/estado29.mx\/wp-content\/uploads\/2025\/03\/IMG-20250313-WA0002-1024x768.jpg\" alt=\"\" class=\"wp-image-94174\" srcset=\"https:\/\/estado29.mx\/wp-content\/uploads\/2025\/03\/IMG-20250313-WA0002-1024x768.jpg 1024w, https:\/\/estado29.mx\/wp-content\/uploads\/2025\/03\/IMG-20250313-WA0002-300x225.jpg 300w, https:\/\/estado29.mx\/wp-content\/uploads\/2025\/03\/IMG-20250313-WA0002-768x576.jpg 768w, https:\/\/estado29.mx\/wp-content\/uploads\/2025\/03\/IMG-20250313-WA0002-750x563.jpg 750w, https:\/\/estado29.mx\/wp-content\/uploads\/2025\/03\/IMG-20250313-WA0002-1140x855.jpg 1140w, https:\/\/estado29.mx\/wp-content\/uploads\/2025\/03\/IMG-20250313-WA0002.jpg 1280w\" sizes=\"auto, (max-width: 1024px) 100vw, 1024px\" \/><\/figure>\n\n\n\n<p>\u201cEstamos comprometidos con proyectar a Ixtenco como un referente de turismo sostenible, enalteciendo nuestras ra\u00edces y generando oportunidades de crecimiento para nuestra comunidad\u201d, expres\u00f3 la presidenta municipal Miriam Aline Lazo Caballero.<\/p>\n\n\n\n<p>Por su parte, el director de Cultura y Turismo, David V\u00e1squez Alba\u00f1il, destac\u00f3 que la postulaci\u00f3n a\u00fan se encuentra en proceso, y que una vez que la Secretar\u00eda de Turismo eval\u00fae la candidatura, se informar\u00e1 si el municipio obtiene esta importante distinci\u00f3n internacional.<\/p>\n\n\n<figure class=\"wp-block-post-featured-image\"><img loading=\"lazy\" decoding=\"async\" width=\"1280\" height=\"960\" src=\"https:\/\/estado29.mx\/wp-content\/uploads\/2025\/03\/IMG-20250313-WA0003.jpg\" class=\"attachment-post-thumbnail size-post-thumbnail wp-post-image\" alt=\"\" style=\"object-fit:cover;\" srcset=\"https:\/\/estado29.mx\/wp-content\/uploads\/2025\/03\/IMG-20250313-WA0003.jpg 1280w, https:\/\/estado29.mx\/wp-content\/uploads\/2025\/03\/IMG-20250313-WA0003-300x225.jpg 300w, https:\/\/estado29.mx\/wp-content\/uploads\/2025\/03\/IMG-20250313-WA0003-1024x768.jpg 1024w, https:\/\/estado29.mx\/wp-content\/uploads\/2025\/03\/IMG-20250313-WA0003-768x576.jpg 768w, https:\/\/estado29.mx\/wp-content\/uploads\/2025\/03\/IMG-20250313-WA0003-750x563.jpg 750w, https:\/\/estado29.mx\/wp-content\/uploads\/2025\/03\/IMG-20250313-WA0003-1140x855.jpg 1140w\" sizes=\"auto, (max-width: 1280px) 100vw, 1280px\" \/><\/figure>\n\n\n<p>El gobierno municipal reafirma su compromiso con la conservaci\u00f3n del legado otom\u00ed y la promoci\u00f3n de un turismo responsable que fortalezca la econom\u00eda local y preserve la esencia cultural de Ixtenco.<\/p>\n","protected":false},"excerpt":{"rendered":"<p>El Gobierno Municipal de Ixtenco, que preside Miriam Aline Lazo Caballero, avanza en su estrategia para fortalecer el turismo sostenible y preservar su identidad cultural.En este contexto, el director de Cultura y Turismo, David V\u00e1squez Alba\u00f1il, particip\u00f3 en una reuni\u00f3n de trabajo con la Secretar\u00eda de Turismo, donde se expusieron los requisitos y criterios esenciales [&hellip;]<\/p>\n","protected":false},"author":7,"featured_media":94171,"comment_status":"open","ping_status":"open","sticky":false,"template":"","format":"standard","meta":{"om_disable_all_campaigns":false,"_monsterinsights_skip_tracking":false,"_monsterinsights_sitenote_active":false,"_monsterinsights_sitenote_note":"","_monsterinsights_sitenote_category":0,"jnews-multi-image_gallery":[],"jnews_single_post":{"format":"standard"},"jnews_primary_category":[],"footnotes":""},"categories":[1],"tags":[],"class_list":["post-94170","post","type-post","status-publish","format-standard","has-post-thumbnail","hentry","category-uncategorized"],"aioseo_notices":[],"_links":{"self":[{"href":"https:\/\/estado29.mx\/index.php?rest_route=\/wp\/v2\/posts\/94170","targetHints":{"allow":["GET"]}}],"collection":[{"href":"https:\/\/estado29.mx\/index.php?rest_route=\/wp\/v2\/posts"}],"about":[{"href":"https:\/\/estado29.mx\/index.php?rest_route=\/wp\/v2\/types\/post"}],"author":[{"embeddable":true,"href":"https:\/\/estado29.mx\/index.php?rest_route=\/wp\/v2\/users\/7"}],"replies":[{"embeddable":true,"href":"https:\/\/estado29.mx\/index.php?rest_route=%2Fwp%2Fv2%2Fcomments&post=94170"}],"version-history":[{"count":1,"href":"https:\/\/estado29.mx\/index.php?rest_route=\/wp\/v2\/posts\/94170\/revisions"}],"predecessor-version":[{"id":94177,"href":"https:\/\/estado29.mx\/index.php?rest_route=\/wp\/v2\/posts\/94170\/revisions\/94177"}],"wp:featuredmedia":[{"embeddable":true,"href":"https:\/\/estado29.mx\/index.php?rest_route=\/wp\/v2\/media\/94171"}],"wp:attachment":[{"href":"https:\/\/estado29.mx\/index.php?rest_route=%2Fwp%2Fv2%2Fmedia&parent=94170"}],"wp:term":[{"taxonomy":"category","embeddable":true,"href":"https:\/\/estado29.mx\/index.php?rest_route=%2Fwp%2Fv2%2Fcategories&post=94170"},{"taxonomy":"post_tag","embeddable":true,"href":"https:\/\/estado29.mx\/index.php?rest_route=%2Fwp%2Fv2%2Ftags&post=94170"}],"curies":[{"name":"wp","href":"https:\/\/api.w.org\/{rel}","templated":true}]}}