{"id":94178,"date":"2025-03-13T19:36:12","date_gmt":"2025-03-13T19:36:12","guid":{"rendered":"https:\/\/estado29.mx\/?p=94178"},"modified":"2025-03-13T19:36:13","modified_gmt":"2025-03-13T19:36:13","slug":"con-la-ponencia-las-mujeres-y-ninas-en-toda-su-diversidad-derechos-igualdad-y-empoderamiento-cierran-actividades-conmemorativas-el-dia-internacional-de-la-mujer-en-huamantla","status":"publish","type":"post","link":"https:\/\/estado29.mx\/?p=94178","title":{"rendered":"Con la Ponencia \u201cLas Mujeres y Ni\u00f1as en toda su Diversidad: Derechos, Igualdad y Empoderamiento\u201d cierran actividades conmemorativas el D\u00eda Internacional de la Mujer en Huamantla."},"content":{"rendered":"\n<p><br>Como parte del cierre de actividades conmemorativas al D\u00eda Internacional de la Mujer, este jueves 13 de marzo, se llev\u00f3 a cabo en el Municipio de Huamantla, la ponencia denominada \u201cLas Mujeres y Ni\u00f1as en toda su Diversidad: Derechos, Igualdad y Empoderamiento\u201d, a cargo de Elsa Cordero Mart\u00ednez.<\/p>\n\n\n\n<figure class=\"wp-block-image size-large\"><img loading=\"lazy\" decoding=\"async\" width=\"1024\" height=\"768\" src=\"https:\/\/estado29.mx\/wp-content\/uploads\/2025\/03\/IMG_20250313_103212-min-1024x768.jpg\" alt=\"\" class=\"wp-image-94180\" srcset=\"https:\/\/estado29.mx\/wp-content\/uploads\/2025\/03\/IMG_20250313_103212-min-1024x768.jpg 1024w, https:\/\/estado29.mx\/wp-content\/uploads\/2025\/03\/IMG_20250313_103212-min-300x225.jpg 300w, https:\/\/estado29.mx\/wp-content\/uploads\/2025\/03\/IMG_20250313_103212-min-768x576.jpg 768w, https:\/\/estado29.mx\/wp-content\/uploads\/2025\/03\/IMG_20250313_103212-min-1536x1152.jpg 1536w, https:\/\/estado29.mx\/wp-content\/uploads\/2025\/03\/IMG_20250313_103212-min-2048x1536.jpg 2048w, https:\/\/estado29.mx\/wp-content\/uploads\/2025\/03\/IMG_20250313_103212-min-750x563.jpg 750w, https:\/\/estado29.mx\/wp-content\/uploads\/2025\/03\/IMG_20250313_103212-min-1140x855.jpg 1140w\" sizes=\"auto, (max-width: 1024px) 100vw, 1024px\" \/><\/figure>\n\n\n\n<p><br>El evento se realiz\u00f3 en las instalaciones de la Ex Cancha 13, con la participaci\u00f3n de alumnas de instituciones educativas del lugar, presidentes de comunidad, regidores y directores de \u00e1reas del ayuntamiento.<\/p>\n\n\n\n<figure class=\"wp-block-image size-large\"><img loading=\"lazy\" decoding=\"async\" width=\"1024\" height=\"768\" src=\"https:\/\/estado29.mx\/wp-content\/uploads\/2025\/03\/IMG_20250313_101928-min-1024x768.jpg\" alt=\"\" class=\"wp-image-94181\" srcset=\"https:\/\/estado29.mx\/wp-content\/uploads\/2025\/03\/IMG_20250313_101928-min-1024x768.jpg 1024w, https:\/\/estado29.mx\/wp-content\/uploads\/2025\/03\/IMG_20250313_101928-min-300x225.jpg 300w, https:\/\/estado29.mx\/wp-content\/uploads\/2025\/03\/IMG_20250313_101928-min-768x576.jpg 768w, https:\/\/estado29.mx\/wp-content\/uploads\/2025\/03\/IMG_20250313_101928-min-1536x1152.jpg 1536w, https:\/\/estado29.mx\/wp-content\/uploads\/2025\/03\/IMG_20250313_101928-min-2048x1536.jpg 2048w, https:\/\/estado29.mx\/wp-content\/uploads\/2025\/03\/IMG_20250313_101928-min-750x563.jpg 750w, https:\/\/estado29.mx\/wp-content\/uploads\/2025\/03\/IMG_20250313_101928-min-1140x855.jpg 1140w\" sizes=\"auto, (max-width: 1024px) 100vw, 1024px\" \/><\/figure>\n\n\n\n<p><br>La Presidenta del Sistema Municipal para el Desarrollo Integral de la Familia en Huamantla (SMDIF) , Mar\u00eda del Roc\u00edo Hern\u00e1ndez Castillo, en representaci\u00f3n del Presidente Juan Salvador Santos Cedillo, en su mensaje destac\u00f3, la preocupaci\u00f3n del alcalde por buscar el bienestar, reconocimiento y valor de las mujeres en las sociedad.<\/p>\n\n\n\n<figure class=\"wp-block-image size-large\"><img loading=\"lazy\" decoding=\"async\" width=\"1024\" height=\"768\" src=\"https:\/\/estado29.mx\/wp-content\/uploads\/2025\/03\/IMG_20250313_102211-min-1024x768.jpg\" alt=\"\" class=\"wp-image-94182\" srcset=\"https:\/\/estado29.mx\/wp-content\/uploads\/2025\/03\/IMG_20250313_102211-min-1024x768.jpg 1024w, https:\/\/estado29.mx\/wp-content\/uploads\/2025\/03\/IMG_20250313_102211-min-300x225.jpg 300w, https:\/\/estado29.mx\/wp-content\/uploads\/2025\/03\/IMG_20250313_102211-min-768x576.jpg 768w, https:\/\/estado29.mx\/wp-content\/uploads\/2025\/03\/IMG_20250313_102211-min-1536x1152.jpg 1536w, https:\/\/estado29.mx\/wp-content\/uploads\/2025\/03\/IMG_20250313_102211-min-2048x1536.jpg 2048w, https:\/\/estado29.mx\/wp-content\/uploads\/2025\/03\/IMG_20250313_102211-min-750x563.jpg 750w, https:\/\/estado29.mx\/wp-content\/uploads\/2025\/03\/IMG_20250313_102211-min-1140x855.jpg 1140w\" sizes=\"auto, (max-width: 1024px) 100vw, 1024px\" \/><\/figure>\n\n\n\n<p>Por su parte, la Coordinadora de Educaci\u00f3n Municipal, Mar\u00eda del Carmen S\u00e1nchez Cervantes, dijo que las mujeres son un \u00e1ngulo importante para la sociedad en general y agradeci\u00f3 la asistencia y disponibilidad de la ponente Elsa Cordero Mart\u00ednez.<\/p>\n\n\n<figure class=\"wp-block-post-featured-image\"><img loading=\"lazy\" decoding=\"async\" width=\"2560\" height=\"1920\" src=\"https:\/\/estado29.mx\/wp-content\/uploads\/2025\/03\/IMG_20250313_101734-min-scaled.jpg\" class=\"attachment-post-thumbnail size-post-thumbnail wp-post-image\" alt=\"\" style=\"object-fit:cover;\" srcset=\"https:\/\/estado29.mx\/wp-content\/uploads\/2025\/03\/IMG_20250313_101734-min-scaled.jpg 2560w, https:\/\/estado29.mx\/wp-content\/uploads\/2025\/03\/IMG_20250313_101734-min-300x225.jpg 300w, https:\/\/estado29.mx\/wp-content\/uploads\/2025\/03\/IMG_20250313_101734-min-1024x768.jpg 1024w, https:\/\/estado29.mx\/wp-content\/uploads\/2025\/03\/IMG_20250313_101734-min-768x576.jpg 768w, https:\/\/estado29.mx\/wp-content\/uploads\/2025\/03\/IMG_20250313_101734-min-1536x1152.jpg 1536w, https:\/\/estado29.mx\/wp-content\/uploads\/2025\/03\/IMG_20250313_101734-min-2048x1536.jpg 2048w, https:\/\/estado29.mx\/wp-content\/uploads\/2025\/03\/IMG_20250313_101734-min-750x563.jpg 750w, https:\/\/estado29.mx\/wp-content\/uploads\/2025\/03\/IMG_20250313_101734-min-1140x855.jpg 1140w\" sizes=\"auto, (max-width: 2560px) 100vw, 2560px\" \/><\/figure>\n\n\n<p>para dar continuidad al evento, se procedi\u00f3 a realizar la ponencia, en la que se busc\u00f3 fomentar en las mujeres participantes, la importancia de denunciar cualquier acto de abuso del que sean v\u00edctimas o cualquier acto que ponga en riesgo su integridad.<\/p>\n","protected":false},"excerpt":{"rendered":"<p>Como parte del cierre de actividades conmemorativas al D\u00eda Internacional de la Mujer, este jueves 13 de marzo, se llev\u00f3 a cabo en el Municipio de Huamantla, la ponencia denominada \u201cLas Mujeres y Ni\u00f1as en toda su Diversidad: Derechos, Igualdad y Empoderamiento\u201d, a cargo de Elsa Cordero Mart\u00ednez. El evento se realiz\u00f3 en las instalaciones [&hellip;]<\/p>\n","protected":false},"author":7,"featured_media":94179,"comment_status":"open","ping_status":"open","sticky":false,"template":"","format":"standard","meta":{"om_disable_all_campaigns":false,"_monsterinsights_skip_tracking":false,"_monsterinsights_sitenote_active":false,"_monsterinsights_sitenote_note":"","_monsterinsights_sitenote_category":0,"jnews-multi-image_gallery":[],"jnews_single_post":{"format":"standard"},"jnews_primary_category":[],"footnotes":""},"categories":[1],"tags":[],"class_list":["post-94178","post","type-post","status-publish","format-standard","has-post-thumbnail","hentry","category-uncategorized"],"aioseo_notices":[],"_links":{"self":[{"href":"https:\/\/estado29.mx\/index.php?rest_route=\/wp\/v2\/posts\/94178","targetHints":{"allow":["GET"]}}],"collection":[{"href":"https:\/\/estado29.mx\/index.php?rest_route=\/wp\/v2\/posts"}],"about":[{"href":"https:\/\/estado29.mx\/index.php?rest_route=\/wp\/v2\/types\/post"}],"author":[{"embeddable":true,"href":"https:\/\/estado29.mx\/index.php?rest_route=\/wp\/v2\/users\/7"}],"replies":[{"embeddable":true,"href":"https:\/\/estado29.mx\/index.php?rest_route=%2Fwp%2Fv2%2Fcomments&post=94178"}],"version-history":[{"count":1,"href":"https:\/\/estado29.mx\/index.php?rest_route=\/wp\/v2\/posts\/94178\/revisions"}],"predecessor-version":[{"id":94183,"href":"https:\/\/estado29.mx\/index.php?rest_route=\/wp\/v2\/posts\/94178\/revisions\/94183"}],"wp:featuredmedia":[{"embeddable":true,"href":"https:\/\/estado29.mx\/index.php?rest_route=\/wp\/v2\/media\/94179"}],"wp:attachment":[{"href":"https:\/\/estado29.mx\/index.php?rest_route=%2Fwp%2Fv2%2Fmedia&parent=94178"}],"wp:term":[{"taxonomy":"category","embeddable":true,"href":"https:\/\/estado29.mx\/index.php?rest_route=%2Fwp%2Fv2%2Fcategories&post=94178"},{"taxonomy":"post_tag","embeddable":true,"href":"https:\/\/estado29.mx\/index.php?rest_route=%2Fwp%2Fv2%2Ftags&post=94178"}],"curies":[{"name":"wp","href":"https:\/\/api.w.org\/{rel}","templated":true}]}}