{"id":94189,"date":"2025-03-13T19:46:53","date_gmt":"2025-03-13T19:46:53","guid":{"rendered":"https:\/\/estado29.mx\/?p=94189"},"modified":"2025-03-13T19:46:53","modified_gmt":"2025-03-13T19:46:53","slug":"realiza-ayuntamiento-de-ixtenco-jornada-de-promocion-de-programas-sociales-a-pobladores","status":"publish","type":"post","link":"https:\/\/estado29.mx\/?p=94189","title":{"rendered":"Realiza Ayuntamiento de Ixtenco Jornada de Promoci\u00f3n de Programas Sociales a pobladores."},"content":{"rendered":"\n<p><br>Con el objetivo de acercar los programas y apoyos sociales a la poblaci\u00f3n que no cuenta con acceso a redes sociales o medios de comunicaci\u00f3n, el Ayuntamiento de Ixtenco, presidido por Miriam Aline Lazo Caballero, llev\u00f3 a cabo una jornada de promoci\u00f3n en diversas calles del municipio a trav\u00e9s del DIF Municipal.<\/p>\n\n\n\n<figure class=\"wp-block-image size-full\"><img loading=\"lazy\" decoding=\"async\" width=\"889\" height=\"728\" src=\"https:\/\/estado29.mx\/wp-content\/uploads\/2025\/03\/IMG-20250312-WA0022.jpg\" alt=\"\" class=\"wp-image-94191\" srcset=\"https:\/\/estado29.mx\/wp-content\/uploads\/2025\/03\/IMG-20250312-WA0022.jpg 889w, https:\/\/estado29.mx\/wp-content\/uploads\/2025\/03\/IMG-20250312-WA0022-300x246.jpg 300w, https:\/\/estado29.mx\/wp-content\/uploads\/2025\/03\/IMG-20250312-WA0022-768x629.jpg 768w, https:\/\/estado29.mx\/wp-content\/uploads\/2025\/03\/IMG-20250312-WA0022-750x614.jpg 750w\" sizes=\"auto, (max-width: 889px) 100vw, 889px\" \/><\/figure>\n\n\n\n<p>Estas acciones son encabezadas por la Presidenta del DIF, Alicia Caballero Yonca, y el Director de la dependencia en menci\u00f3n, Ra\u00fal Gaspar, el personal recorri\u00f3 distintas zonas de la demarcaci\u00f3n para informar a la ciudadan\u00eda sobre los programas vigentes, entre ellos la entrega de tinacos, lentes y funcionales, as\u00ed como otros apoyos destinados a mejorar la calidad de vida de los habitantes.<\/p>\n\n\n\n<p>Esta iniciativa responde al compromiso del Gobierno Municipal de Ixtenco de garantizar que todas las familias tengan acceso a los beneficios disponibles, promoviendo la equidad y el bienestar en la comunidad.<\/p>\n\n\n\n<figure class=\"wp-block-image size-large\"><img loading=\"lazy\" decoding=\"async\" width=\"1024\" height=\"911\" src=\"https:\/\/estado29.mx\/wp-content\/uploads\/2025\/03\/IMG-20250312-WA0020-1024x911.jpg\" alt=\"\" class=\"wp-image-94192\" srcset=\"https:\/\/estado29.mx\/wp-content\/uploads\/2025\/03\/IMG-20250312-WA0020-1024x911.jpg 1024w, https:\/\/estado29.mx\/wp-content\/uploads\/2025\/03\/IMG-20250312-WA0020-300x267.jpg 300w, https:\/\/estado29.mx\/wp-content\/uploads\/2025\/03\/IMG-20250312-WA0020-768x683.jpg 768w, https:\/\/estado29.mx\/wp-content\/uploads\/2025\/03\/IMG-20250312-WA0020-750x667.jpg 750w, https:\/\/estado29.mx\/wp-content\/uploads\/2025\/03\/IMG-20250312-WA0020-1140x1014.jpg 1140w, https:\/\/estado29.mx\/wp-content\/uploads\/2025\/03\/IMG-20250312-WA0020.jpg 1200w\" sizes=\"auto, (max-width: 1024px) 100vw, 1024px\" \/><\/figure>\n\n\n\n<p>El DIF Municipal hace un llamado a la poblaci\u00f3n interesada en estos programas para que acudan a sus instalaciones, donde recibir\u00e1n informaci\u00f3n detallada y asesor\u00eda para acceder a los apoyos.<\/p>\n\n\n\n<p>Con estas acciones, el Ayuntamiento de Ixtenco reafirma su compromiso de trabajar de manera cercana a la ciudadan\u00eda, asegurando que los beneficios lleguen a quienes m\u00e1s lo necesitan.<\/p>\n\n\n<figure class=\"wp-block-post-featured-image\"><img loading=\"lazy\" decoding=\"async\" width=\"960\" height=\"1280\" src=\"https:\/\/estado29.mx\/wp-content\/uploads\/2025\/03\/IMG-20250312-WA0023.jpg\" class=\"attachment-post-thumbnail size-post-thumbnail wp-post-image\" alt=\"\" style=\"object-fit:cover;\" srcset=\"https:\/\/estado29.mx\/wp-content\/uploads\/2025\/03\/IMG-20250312-WA0023.jpg 960w, https:\/\/estado29.mx\/wp-content\/uploads\/2025\/03\/IMG-20250312-WA0023-225x300.jpg 225w, https:\/\/estado29.mx\/wp-content\/uploads\/2025\/03\/IMG-20250312-WA0023-768x1024.jpg 768w, https:\/\/estado29.mx\/wp-content\/uploads\/2025\/03\/IMG-20250312-WA0023-750x1000.jpg 750w\" sizes=\"auto, (max-width: 960px) 100vw, 960px\" \/><\/figure>\n\n\n<p>Para mayor informaci\u00f3n, los ciudadanos pueden acudir directamente al DIF Municipal de Ixtenco en horarios de atenci\u00f3n o comunicarse a los n\u00fameros oficiales de la dependencia.<\/p>\n","protected":false},"excerpt":{"rendered":"<p>Con el objetivo de acercar los programas y apoyos sociales a la poblaci\u00f3n que no cuenta con acceso a redes sociales o medios de comunicaci\u00f3n, el Ayuntamiento de Ixtenco, presidido por Miriam Aline Lazo Caballero, llev\u00f3 a cabo una jornada de promoci\u00f3n en diversas calles del municipio a trav\u00e9s del DIF Municipal. Estas acciones son [&hellip;]<\/p>\n","protected":false},"author":7,"featured_media":94190,"comment_status":"open","ping_status":"open","sticky":false,"template":"","format":"standard","meta":{"om_disable_all_campaigns":false,"_monsterinsights_skip_tracking":false,"_monsterinsights_sitenote_active":false,"_monsterinsights_sitenote_note":"","_monsterinsights_sitenote_category":0,"jnews-multi-image_gallery":[],"jnews_single_post":{"format":"standard"},"jnews_primary_category":[],"footnotes":""},"categories":[1],"tags":[],"class_list":["post-94189","post","type-post","status-publish","format-standard","has-post-thumbnail","hentry","category-uncategorized"],"aioseo_notices":[],"_links":{"self":[{"href":"https:\/\/estado29.mx\/index.php?rest_route=\/wp\/v2\/posts\/94189","targetHints":{"allow":["GET"]}}],"collection":[{"href":"https:\/\/estado29.mx\/index.php?rest_route=\/wp\/v2\/posts"}],"about":[{"href":"https:\/\/estado29.mx\/index.php?rest_route=\/wp\/v2\/types\/post"}],"author":[{"embeddable":true,"href":"https:\/\/estado29.mx\/index.php?rest_route=\/wp\/v2\/users\/7"}],"replies":[{"embeddable":true,"href":"https:\/\/estado29.mx\/index.php?rest_route=%2Fwp%2Fv2%2Fcomments&post=94189"}],"version-history":[{"count":1,"href":"https:\/\/estado29.mx\/index.php?rest_route=\/wp\/v2\/posts\/94189\/revisions"}],"predecessor-version":[{"id":94193,"href":"https:\/\/estado29.mx\/index.php?rest_route=\/wp\/v2\/posts\/94189\/revisions\/94193"}],"wp:featuredmedia":[{"embeddable":true,"href":"https:\/\/estado29.mx\/index.php?rest_route=\/wp\/v2\/media\/94190"}],"wp:attachment":[{"href":"https:\/\/estado29.mx\/index.php?rest_route=%2Fwp%2Fv2%2Fmedia&parent=94189"}],"wp:term":[{"taxonomy":"category","embeddable":true,"href":"https:\/\/estado29.mx\/index.php?rest_route=%2Fwp%2Fv2%2Fcategories&post=94189"},{"taxonomy":"post_tag","embeddable":true,"href":"https:\/\/estado29.mx\/index.php?rest_route=%2Fwp%2Fv2%2Ftags&post=94189"}],"curies":[{"name":"wp","href":"https:\/\/api.w.org\/{rel}","templated":true}]}}