{"id":94223,"date":"2025-03-14T19:28:15","date_gmt":"2025-03-14T19:28:15","guid":{"rendered":"https:\/\/estado29.mx\/?p=94223"},"modified":"2025-03-14T19:28:15","modified_gmt":"2025-03-14T19:28:15","slug":"gobierno-municipal-de-ixtenco-fortalece-la-capacitacion-de-sus-paramedicos-en-el-congreso-regional-de-bomberas","status":"publish","type":"post","link":"https:\/\/estado29.mx\/?p=94223","title":{"rendered":"Gobierno Municipal de Ixtenco fortalece la capacitaci\u00f3n de sus param\u00e9dicos en el Congreso Regional de Bomberas."},"content":{"rendered":"\n<p><\/p>\n\n\n\n<p>El Gobierno Municipal de Ixtenco que encabeza Aline Lazo Caballero, en coordinaci\u00f3n con la Direcci\u00f3n de Polic\u00eda Municipal, fortaleci\u00f3 la capacitaci\u00f3n del \u00e1rea de param\u00e9dicos a trav\u00e9s de su participaci\u00f3n en el Congreso Regional de BOMBERAS Zona Centro. Este evento, realizado los d\u00edas 12 y 13 de marzo, permiti\u00f3 que los cuerpos de emergencia del municipio adquirieran nuevos conocimientos en t\u00e9cnicas de rescate y atenci\u00f3n prehospitalaria.<\/p>\n\n\n\n<figure class=\"wp-block-image size-full\"><img loading=\"lazy\" decoding=\"async\" width=\"720\" height=\"542\" src=\"https:\/\/estado29.mx\/wp-content\/uploads\/2025\/03\/FB_IMG_1741975302578.jpg\" alt=\"\" class=\"wp-image-94225\" srcset=\"https:\/\/estado29.mx\/wp-content\/uploads\/2025\/03\/FB_IMG_1741975302578.jpg 720w, https:\/\/estado29.mx\/wp-content\/uploads\/2025\/03\/FB_IMG_1741975302578-300x226.jpg 300w\" sizes=\"auto, (max-width: 720px) 100vw, 720px\" \/><\/figure>\n\n\n\n<p>A pesar de su reciente creaci\u00f3n, el \u00e1rea de param\u00e9dicos de Ixtenco ha atendido m\u00faltiples emergencias en la zona, consolid\u00e1ndose como un pilar fundamental para la seguridad y bienestar de la ciudadan\u00eda. Bajo la direcci\u00f3n de Seguridad P\u00fablica Municipal que encabeza Alejandro Reyes Soto, la corporaci\u00f3n ha trabajado en estrecha colaboraci\u00f3n con instancias especializadas para garantizar que su personal cuente con la mejor preparaci\u00f3n.<\/p>\n\n\n\n<figure class=\"wp-block-image size-large\"><img loading=\"lazy\" decoding=\"async\" width=\"1024\" height=\"770\" src=\"https:\/\/estado29.mx\/wp-content\/uploads\/2025\/03\/IMG-20250314-WA0002-1024x770.jpg\" alt=\"\" class=\"wp-image-94226\" srcset=\"https:\/\/estado29.mx\/wp-content\/uploads\/2025\/03\/IMG-20250314-WA0002-1024x770.jpg 1024w, https:\/\/estado29.mx\/wp-content\/uploads\/2025\/03\/IMG-20250314-WA0002-300x226.jpg 300w, https:\/\/estado29.mx\/wp-content\/uploads\/2025\/03\/IMG-20250314-WA0002-768x578.jpg 768w, https:\/\/estado29.mx\/wp-content\/uploads\/2025\/03\/IMG-20250314-WA0002-750x564.jpg 750w, https:\/\/estado29.mx\/wp-content\/uploads\/2025\/03\/IMG-20250314-WA0002-1140x858.jpg 1140w, https:\/\/estado29.mx\/wp-content\/uploads\/2025\/03\/IMG-20250314-WA0002.jpg 1280w\" sizes=\"auto, (max-width: 1024px) 100vw, 1024px\" \/><\/figure>\n\n\n\n<p>Durante el congreso, los param\u00e9dicos de Ixtenco participaron en talleres especializados en:<\/p>\n\n\n\n<p><br>Investigaci\u00f3n de incendios.<br>Extracci\u00f3n vehicular.<br>RIT (Rescate T\u00e9cnico en Intervenciones de Emergencia).<br>T\u00e9cnicas de extinci\u00f3n de incendios.<br>Liderazgo y participaci\u00f3n de la mujer bombero.<\/p>\n\n\n\n<p>El evento, organizado por la Asociaci\u00f3n Mexicana de Jefes de Bomberos, reuni\u00f3 a personal de emergencias de distintas partes del pa\u00eds, promoviendo el intercambio de conocimientos y experiencias que fortalecen la labor de los equipos de rescate.<\/p>\n\n\n\n<figure class=\"wp-block-image size-large\"><img loading=\"lazy\" decoding=\"async\" width=\"1024\" height=\"771\" src=\"https:\/\/estado29.mx\/wp-content\/uploads\/2025\/03\/IMG-20250314-WA0003-1024x771.jpg\" alt=\"\" class=\"wp-image-94227\" srcset=\"https:\/\/estado29.mx\/wp-content\/uploads\/2025\/03\/IMG-20250314-WA0003-1024x771.jpg 1024w, https:\/\/estado29.mx\/wp-content\/uploads\/2025\/03\/IMG-20250314-WA0003-300x226.jpg 300w, https:\/\/estado29.mx\/wp-content\/uploads\/2025\/03\/IMG-20250314-WA0003-768x578.jpg 768w, https:\/\/estado29.mx\/wp-content\/uploads\/2025\/03\/IMG-20250314-WA0003-1536x1156.jpg 1536w, https:\/\/estado29.mx\/wp-content\/uploads\/2025\/03\/IMG-20250314-WA0003-750x564.jpg 750w, https:\/\/estado29.mx\/wp-content\/uploads\/2025\/03\/IMG-20250314-WA0003-1140x858.jpg 1140w, https:\/\/estado29.mx\/wp-content\/uploads\/2025\/03\/IMG-20250314-WA0003.jpg 1600w\" sizes=\"auto, (max-width: 1024px) 100vw, 1024px\" \/><\/figure>\n\n\n\n<p>Con esta iniciativa, la administraci\u00f3n municipal de Aline Lazo Caballero reafirma su compromiso con la seguridad de la poblaci\u00f3n, impulsando la capacitaci\u00f3n constante del personal de emergencias para brindar una atenci\u00f3n m\u00e1s eficiente y profesional en situaciones cr\u00edticas.<\/p>\n\n\n<figure class=\"wp-block-post-featured-image\"><img loading=\"lazy\" decoding=\"async\" width=\"1600\" height=\"1204\" src=\"https:\/\/estado29.mx\/wp-content\/uploads\/2025\/03\/IMG-20250314-WA0004.jpg\" class=\"attachment-post-thumbnail size-post-thumbnail wp-post-image\" alt=\"\" style=\"object-fit:cover;\" srcset=\"https:\/\/estado29.mx\/wp-content\/uploads\/2025\/03\/IMG-20250314-WA0004.jpg 1600w, https:\/\/estado29.mx\/wp-content\/uploads\/2025\/03\/IMG-20250314-WA0004-300x226.jpg 300w, https:\/\/estado29.mx\/wp-content\/uploads\/2025\/03\/IMG-20250314-WA0004-1024x771.jpg 1024w, https:\/\/estado29.mx\/wp-content\/uploads\/2025\/03\/IMG-20250314-WA0004-768x578.jpg 768w, https:\/\/estado29.mx\/wp-content\/uploads\/2025\/03\/IMG-20250314-WA0004-1536x1156.jpg 1536w, https:\/\/estado29.mx\/wp-content\/uploads\/2025\/03\/IMG-20250314-WA0004-750x564.jpg 750w, https:\/\/estado29.mx\/wp-content\/uploads\/2025\/03\/IMG-20250314-WA0004-1140x858.jpg 1140w\" sizes=\"auto, (max-width: 1600px) 100vw, 1600px\" \/><\/figure>\n\n\n<p>\u201cSeguiremos trabajando para que nuestros cuerpos de emergencia cuenten con las herramientas y conocimientos necesarios para proteger a nuestra gente. La preparaci\u00f3n es clave para salvar vidas y en Ixtenco lo sabemos\u201d, destac\u00f3 la presidenta.<\/p>\n","protected":false},"excerpt":{"rendered":"<p>El Gobierno Municipal de Ixtenco que encabeza Aline Lazo Caballero, en coordinaci\u00f3n con la Direcci\u00f3n de Polic\u00eda Municipal, fortaleci\u00f3 la capacitaci\u00f3n del \u00e1rea de param\u00e9dicos a trav\u00e9s de su participaci\u00f3n en el Congreso Regional de BOMBERAS Zona Centro. Este evento, realizado los d\u00edas 12 y 13 de marzo, permiti\u00f3 que los cuerpos de emergencia del [&hellip;]<\/p>\n","protected":false},"author":7,"featured_media":94224,"comment_status":"open","ping_status":"open","sticky":false,"template":"","format":"standard","meta":{"om_disable_all_campaigns":false,"_monsterinsights_skip_tracking":false,"_monsterinsights_sitenote_active":false,"_monsterinsights_sitenote_note":"","_monsterinsights_sitenote_category":0,"jnews-multi-image_gallery":[],"jnews_single_post":{"format":"standard"},"jnews_primary_category":[],"footnotes":""},"categories":[1],"tags":[],"class_list":["post-94223","post","type-post","status-publish","format-standard","has-post-thumbnail","hentry","category-uncategorized"],"aioseo_notices":[],"_links":{"self":[{"href":"https:\/\/estado29.mx\/index.php?rest_route=\/wp\/v2\/posts\/94223","targetHints":{"allow":["GET"]}}],"collection":[{"href":"https:\/\/estado29.mx\/index.php?rest_route=\/wp\/v2\/posts"}],"about":[{"href":"https:\/\/estado29.mx\/index.php?rest_route=\/wp\/v2\/types\/post"}],"author":[{"embeddable":true,"href":"https:\/\/estado29.mx\/index.php?rest_route=\/wp\/v2\/users\/7"}],"replies":[{"embeddable":true,"href":"https:\/\/estado29.mx\/index.php?rest_route=%2Fwp%2Fv2%2Fcomments&post=94223"}],"version-history":[{"count":1,"href":"https:\/\/estado29.mx\/index.php?rest_route=\/wp\/v2\/posts\/94223\/revisions"}],"predecessor-version":[{"id":94228,"href":"https:\/\/estado29.mx\/index.php?rest_route=\/wp\/v2\/posts\/94223\/revisions\/94228"}],"wp:featuredmedia":[{"embeddable":true,"href":"https:\/\/estado29.mx\/index.php?rest_route=\/wp\/v2\/media\/94224"}],"wp:attachment":[{"href":"https:\/\/estado29.mx\/index.php?rest_route=%2Fwp%2Fv2%2Fmedia&parent=94223"}],"wp:term":[{"taxonomy":"category","embeddable":true,"href":"https:\/\/estado29.mx\/index.php?rest_route=%2Fwp%2Fv2%2Fcategories&post=94223"},{"taxonomy":"post_tag","embeddable":true,"href":"https:\/\/estado29.mx\/index.php?rest_route=%2Fwp%2Fv2%2Ftags&post=94223"}],"curies":[{"name":"wp","href":"https:\/\/api.w.org\/{rel}","templated":true}]}}