{"id":94233,"date":"2025-03-14T19:41:43","date_gmt":"2025-03-14T19:41:43","guid":{"rendered":"https:\/\/estado29.mx\/?p=94233"},"modified":"2025-03-14T19:41:43","modified_gmt":"2025-03-14T19:41:43","slug":"seguridad-publica-municipal-de-tequexquitla-imparte-platicas-de-prevencion-en-instituciones-educativas","status":"publish","type":"post","link":"https:\/\/estado29.mx\/?p=94233","title":{"rendered":"Seguridad P\u00fablica Municipal de Tequexquitla imparte pl\u00e1ticas de prevenci\u00f3n en instituciones educativas."},"content":{"rendered":"\n<p><\/p>\n\n\n\n<p>La Direcci\u00f3n de Seguridad P\u00fablica Municipal de Tequexquitla llev\u00f3 a cabo pl\u00e1ticas sobre medidas preventivas en la calle y en el hogar, dirigidas a alumnos de Primero y Segundo grado de las escuelas primarias Adolfo L\u00f3pez Mateos y Josefa Ortiz de Dom\u00ednguez.<\/p>\n\n\n\n<figure class=\"wp-block-image size-full\"><img loading=\"lazy\" decoding=\"async\" width=\"720\" height=\"540\" src=\"https:\/\/estado29.mx\/wp-content\/uploads\/2025\/03\/FB_IMG_1741916198918.jpg\" alt=\"\" class=\"wp-image-94235\" srcset=\"https:\/\/estado29.mx\/wp-content\/uploads\/2025\/03\/FB_IMG_1741916198918.jpg 720w, https:\/\/estado29.mx\/wp-content\/uploads\/2025\/03\/FB_IMG_1741916198918-300x225.jpg 300w\" sizes=\"auto, (max-width: 720px) 100vw, 720px\" \/><\/figure>\n\n\n\n<p>Los alumnos aprendieron sobre la importancia de tomar precauciones para evitar accidentes y situaciones de riesgo, as\u00ed como tambi\u00e9n se les entregaron tr\u00edpticos con los n\u00fameros de emergencia.<\/p>\n\n\n\n<figure class=\"wp-block-image size-full\"><img loading=\"lazy\" decoding=\"async\" width=\"720\" height=\"540\" src=\"https:\/\/estado29.mx\/wp-content\/uploads\/2025\/03\/FB_IMG_1741916225841.jpg\" alt=\"\" class=\"wp-image-94236\" srcset=\"https:\/\/estado29.mx\/wp-content\/uploads\/2025\/03\/FB_IMG_1741916225841.jpg 720w, https:\/\/estado29.mx\/wp-content\/uploads\/2025\/03\/FB_IMG_1741916225841-300x225.jpg 300w\" sizes=\"auto, (max-width: 720px) 100vw, 720px\" \/><\/figure>\n\n\n\n<p><br>De igual forma aprendieron a identificar las zonas seguras en caso de alguna situaci\u00f3n de emergencia.<\/p>\n\n\n<figure class=\"wp-block-post-featured-image\"><img loading=\"lazy\" decoding=\"async\" width=\"720\" height=\"542\" src=\"https:\/\/estado29.mx\/wp-content\/uploads\/2025\/03\/FB_IMG_1741916193792.jpg\" class=\"attachment-post-thumbnail size-post-thumbnail wp-post-image\" alt=\"\" style=\"object-fit:cover;\" srcset=\"https:\/\/estado29.mx\/wp-content\/uploads\/2025\/03\/FB_IMG_1741916193792.jpg 720w, https:\/\/estado29.mx\/wp-content\/uploads\/2025\/03\/FB_IMG_1741916193792-300x226.jpg 300w\" sizes=\"auto, (max-width: 720px) 100vw, 720px\" \/><\/figure>","protected":false},"excerpt":{"rendered":"<p>La Direcci\u00f3n de Seguridad P\u00fablica Municipal de Tequexquitla llev\u00f3 a cabo pl\u00e1ticas sobre medidas preventivas en la calle y en el hogar, dirigidas a alumnos de Primero y Segundo grado de las escuelas primarias Adolfo L\u00f3pez Mateos y Josefa Ortiz de Dom\u00ednguez. Los alumnos aprendieron sobre la importancia de tomar precauciones para evitar accidentes y [&hellip;]<\/p>\n","protected":false},"author":7,"featured_media":94234,"comment_status":"open","ping_status":"open","sticky":false,"template":"","format":"standard","meta":{"om_disable_all_campaigns":false,"_monsterinsights_skip_tracking":false,"_monsterinsights_sitenote_active":false,"_monsterinsights_sitenote_note":"","_monsterinsights_sitenote_category":0,"jnews-multi-image_gallery":[],"jnews_single_post":{"format":"standard"},"jnews_primary_category":[],"footnotes":""},"categories":[1],"tags":[],"class_list":["post-94233","post","type-post","status-publish","format-standard","has-post-thumbnail","hentry","category-uncategorized"],"aioseo_notices":[],"_links":{"self":[{"href":"https:\/\/estado29.mx\/index.php?rest_route=\/wp\/v2\/posts\/94233","targetHints":{"allow":["GET"]}}],"collection":[{"href":"https:\/\/estado29.mx\/index.php?rest_route=\/wp\/v2\/posts"}],"about":[{"href":"https:\/\/estado29.mx\/index.php?rest_route=\/wp\/v2\/types\/post"}],"author":[{"embeddable":true,"href":"https:\/\/estado29.mx\/index.php?rest_route=\/wp\/v2\/users\/7"}],"replies":[{"embeddable":true,"href":"https:\/\/estado29.mx\/index.php?rest_route=%2Fwp%2Fv2%2Fcomments&post=94233"}],"version-history":[{"count":1,"href":"https:\/\/estado29.mx\/index.php?rest_route=\/wp\/v2\/posts\/94233\/revisions"}],"predecessor-version":[{"id":94237,"href":"https:\/\/estado29.mx\/index.php?rest_route=\/wp\/v2\/posts\/94233\/revisions\/94237"}],"wp:featuredmedia":[{"embeddable":true,"href":"https:\/\/estado29.mx\/index.php?rest_route=\/wp\/v2\/media\/94234"}],"wp:attachment":[{"href":"https:\/\/estado29.mx\/index.php?rest_route=%2Fwp%2Fv2%2Fmedia&parent=94233"}],"wp:term":[{"taxonomy":"category","embeddable":true,"href":"https:\/\/estado29.mx\/index.php?rest_route=%2Fwp%2Fv2%2Fcategories&post=94233"},{"taxonomy":"post_tag","embeddable":true,"href":"https:\/\/estado29.mx\/index.php?rest_route=%2Fwp%2Fv2%2Ftags&post=94233"}],"curies":[{"name":"wp","href":"https:\/\/api.w.org\/{rel}","templated":true}]}}