{"id":94238,"date":"2025-03-14T20:11:26","date_gmt":"2025-03-14T20:11:26","guid":{"rendered":"https:\/\/estado29.mx\/?p=94238"},"modified":"2025-03-14T20:11:27","modified_gmt":"2025-03-14T20:11:27","slug":"participan-artesanos-de-ixtenco-en-encuentro-de-saberes-culturales-en-tlaxcala","status":"publish","type":"post","link":"https:\/\/estado29.mx\/?p=94238","title":{"rendered":"Participan Artesanos de Ixtenco en Encuentro de Saberes Culturales en Tlaxcala."},"content":{"rendered":"\n<p><\/p>\n\n\n\n<p>Este jueves, artesanos del Municipio de Ixtenco participaron en el Encuentro de Saberes Culturales en el Plantel 01 de Tlaxcala, donde compartieron la riqueza de las culturas del mundo junto con la esencia de los Pueblos M\u00e1gicos de Tlaxcala.<\/p>\n\n\n\n<figure class=\"wp-block-image size-full\"><img loading=\"lazy\" decoding=\"async\" width=\"720\" height=\"960\" src=\"https:\/\/estado29.mx\/wp-content\/uploads\/2025\/03\/FB_IMG_1741916453267.jpg\" alt=\"\" class=\"wp-image-94240\" srcset=\"https:\/\/estado29.mx\/wp-content\/uploads\/2025\/03\/FB_IMG_1741916453267.jpg 720w, https:\/\/estado29.mx\/wp-content\/uploads\/2025\/03\/FB_IMG_1741916453267-225x300.jpg 225w\" sizes=\"auto, (max-width: 720px) 100vw, 720px\" \/><\/figure>\n\n\n\n<p>A trav\u00e9s de artesan\u00edas, danzas, sabores y saberes, se acerc\u00f3 a alumnos de Nivel Medio Superior, maestros y directivos a las tradiciones que nos identifican.<\/p>\n\n\n\n<figure class=\"wp-block-image size-full\"><img loading=\"lazy\" decoding=\"async\" width=\"720\" height=\"960\" src=\"https:\/\/estado29.mx\/wp-content\/uploads\/2025\/03\/FB_IMG_1741916448353-1.jpg\" alt=\"\" class=\"wp-image-94241\" srcset=\"https:\/\/estado29.mx\/wp-content\/uploads\/2025\/03\/FB_IMG_1741916448353-1.jpg 720w, https:\/\/estado29.mx\/wp-content\/uploads\/2025\/03\/FB_IMG_1741916448353-1-225x300.jpg 225w\" sizes=\"auto, (max-width: 720px) 100vw, 720px\" \/><\/figure>\n\n\n\n<p>En esta ocasi\u00f3n, representaron a Ixtenco los talentosos artesanos:<\/p>\n\n\n\n<p><br>Mar\u00eda Josefa Sixta<br>Justino Huerta Cisneros (quien estuvo representado por sus hijos, continuando su legado artesanal).<\/p>\n\n\n\n<figure class=\"wp-block-image size-full\"><img loading=\"lazy\" decoding=\"async\" width=\"720\" height=\"960\" src=\"https:\/\/estado29.mx\/wp-content\/uploads\/2025\/03\/FB_IMG_1741916443030.jpg\" alt=\"\" class=\"wp-image-94242\" srcset=\"https:\/\/estado29.mx\/wp-content\/uploads\/2025\/03\/FB_IMG_1741916443030.jpg 720w, https:\/\/estado29.mx\/wp-content\/uploads\/2025\/03\/FB_IMG_1741916443030-225x300.jpg 225w\" sizes=\"auto, (max-width: 720px) 100vw, 720px\" \/><\/figure>\n\n\n\n<p>Entre las creaciones exhibidas destacaron:<\/p>\n\n\n\n<p><br>Botanas tradicionales<br>Camisas de pepenado<br>Llaveros artesanales<br>Mu\u00f1ecas y mucho m\u00e1s.<\/p>\n\n\n\n<p>Esta fue la segunda participaci\u00f3n en el evento, reafirmando el compromiso con la preservaci\u00f3n y difusi\u00f3n de la cultura Otom\u00ed.<br>El Ayuntamiento agradeci\u00f3 la invitaci\u00f3n del Plantel 01 de Tlaxcala y el respaldo de la Presidenta Municipal, Miriam Aline Lazo Caballero, as\u00ed como del \u00e1rea de Cultura y Turismo Municipal.<\/p>\n\n\n<figure class=\"wp-block-post-featured-image\"><img loading=\"lazy\" decoding=\"async\" width=\"720\" height=\"960\" src=\"https:\/\/estado29.mx\/wp-content\/uploads\/2025\/03\/FB_IMG_1741916448353.jpg\" class=\"attachment-post-thumbnail size-post-thumbnail wp-post-image\" alt=\"\" style=\"object-fit:cover;\" srcset=\"https:\/\/estado29.mx\/wp-content\/uploads\/2025\/03\/FB_IMG_1741916448353.jpg 720w, https:\/\/estado29.mx\/wp-content\/uploads\/2025\/03\/FB_IMG_1741916448353-225x300.jpg 225w\" sizes=\"auto, (max-width: 720px) 100vw, 720px\" \/><\/figure>","protected":false},"excerpt":{"rendered":"<p>Este jueves, artesanos del Municipio de Ixtenco participaron en el Encuentro de Saberes Culturales en el Plantel 01 de Tlaxcala, donde compartieron la riqueza de las culturas del mundo junto con la esencia de los Pueblos M\u00e1gicos de Tlaxcala. A trav\u00e9s de artesan\u00edas, danzas, sabores y saberes, se acerc\u00f3 a alumnos de Nivel Medio Superior, [&hellip;]<\/p>\n","protected":false},"author":7,"featured_media":94239,"comment_status":"open","ping_status":"open","sticky":false,"template":"","format":"standard","meta":{"om_disable_all_campaigns":false,"_monsterinsights_skip_tracking":false,"_monsterinsights_sitenote_active":false,"_monsterinsights_sitenote_note":"","_monsterinsights_sitenote_category":0,"jnews-multi-image_gallery":[],"jnews_single_post":{"format":"standard"},"jnews_primary_category":[],"footnotes":""},"categories":[1],"tags":[],"class_list":["post-94238","post","type-post","status-publish","format-standard","has-post-thumbnail","hentry","category-uncategorized"],"aioseo_notices":[],"_links":{"self":[{"href":"https:\/\/estado29.mx\/index.php?rest_route=\/wp\/v2\/posts\/94238","targetHints":{"allow":["GET"]}}],"collection":[{"href":"https:\/\/estado29.mx\/index.php?rest_route=\/wp\/v2\/posts"}],"about":[{"href":"https:\/\/estado29.mx\/index.php?rest_route=\/wp\/v2\/types\/post"}],"author":[{"embeddable":true,"href":"https:\/\/estado29.mx\/index.php?rest_route=\/wp\/v2\/users\/7"}],"replies":[{"embeddable":true,"href":"https:\/\/estado29.mx\/index.php?rest_route=%2Fwp%2Fv2%2Fcomments&post=94238"}],"version-history":[{"count":1,"href":"https:\/\/estado29.mx\/index.php?rest_route=\/wp\/v2\/posts\/94238\/revisions"}],"predecessor-version":[{"id":94243,"href":"https:\/\/estado29.mx\/index.php?rest_route=\/wp\/v2\/posts\/94238\/revisions\/94243"}],"wp:featuredmedia":[{"embeddable":true,"href":"https:\/\/estado29.mx\/index.php?rest_route=\/wp\/v2\/media\/94239"}],"wp:attachment":[{"href":"https:\/\/estado29.mx\/index.php?rest_route=%2Fwp%2Fv2%2Fmedia&parent=94238"}],"wp:term":[{"taxonomy":"category","embeddable":true,"href":"https:\/\/estado29.mx\/index.php?rest_route=%2Fwp%2Fv2%2Fcategories&post=94238"},{"taxonomy":"post_tag","embeddable":true,"href":"https:\/\/estado29.mx\/index.php?rest_route=%2Fwp%2Fv2%2Ftags&post=94238"}],"curies":[{"name":"wp","href":"https:\/\/api.w.org\/{rel}","templated":true}]}}