{"id":94248,"date":"2025-03-17T13:45:17","date_gmt":"2025-03-17T13:45:17","guid":{"rendered":"https:\/\/estado29.mx\/?p=94248"},"modified":"2025-03-17T13:45:17","modified_gmt":"2025-03-17T13:45:17","slug":"continua-busqueda-de-hombre-tras-extraviarse-en-la-malinche","status":"publish","type":"post","link":"https:\/\/estado29.mx\/?p=94248","title":{"rendered":"Contin\u00faa b\u00fasqueda de hombre tras extraviarse en la Malinche."},"content":{"rendered":"\n<p>Paco Ugarte.<\/p>\n\n\n\n<p>Durante el fin de semana se report\u00f3 el extrav\u00edo de Francisco Javier Mateos Guerrero tras acudir para excursionar la Malinche el pasado viernes al rededor de las 8 de la ma\u00f1ana.<\/p>\n\n\n\n<p>La \u00faltima comunicaci\u00f3n que tuvo con su familia fue un mensaje de audio mencionando se encontraba cerca de la cima de la Malinche, sin tener alguna otra informaci\u00f3n.<\/p>\n\n\n\n<p>Cabe se\u00f1alar que posterior a ello iniciar\u00eda su descenso cerca del conocido albergue del IMSS o en la comunidad de los Pilares en el municipio de Huamantla.<\/p>\n\n\n\n<p>El hombre de 61 a\u00f1os de edad a decir de la familia cuenta con experiencia como monta\u00f1ista, sin embargo, en compa\u00f1\u00eda con autoridades han iniciado con la b\u00fasqueda de Francisco Javier Mateos.<\/p>\n","protected":false},"excerpt":{"rendered":"<p>Paco Ugarte. Durante el fin de semana se report\u00f3 el extrav\u00edo de Francisco Javier Mateos Guerrero tras acudir para excursionar la Malinche el pasado viernes al rededor de las 8 de la ma\u00f1ana. La \u00faltima comunicaci\u00f3n que tuvo con su familia fue un mensaje de audio mencionando se encontraba cerca de la cima de la [&hellip;]<\/p>\n","protected":false},"author":5,"featured_media":94249,"comment_status":"open","ping_status":"open","sticky":false,"template":"","format":"standard","meta":{"om_disable_all_campaigns":false,"_monsterinsights_skip_tracking":false,"_monsterinsights_sitenote_active":false,"_monsterinsights_sitenote_note":"","_monsterinsights_sitenote_category":0,"jnews-multi-image_gallery":[],"jnews_single_post":{"format":"standard"},"jnews_primary_category":[],"footnotes":""},"categories":[1],"tags":[],"class_list":["post-94248","post","type-post","status-publish","format-standard","has-post-thumbnail","hentry","category-uncategorized"],"aioseo_notices":[],"_links":{"self":[{"href":"https:\/\/estado29.mx\/index.php?rest_route=\/wp\/v2\/posts\/94248","targetHints":{"allow":["GET"]}}],"collection":[{"href":"https:\/\/estado29.mx\/index.php?rest_route=\/wp\/v2\/posts"}],"about":[{"href":"https:\/\/estado29.mx\/index.php?rest_route=\/wp\/v2\/types\/post"}],"author":[{"embeddable":true,"href":"https:\/\/estado29.mx\/index.php?rest_route=\/wp\/v2\/users\/5"}],"replies":[{"embeddable":true,"href":"https:\/\/estado29.mx\/index.php?rest_route=%2Fwp%2Fv2%2Fcomments&post=94248"}],"version-history":[{"count":1,"href":"https:\/\/estado29.mx\/index.php?rest_route=\/wp\/v2\/posts\/94248\/revisions"}],"predecessor-version":[{"id":94250,"href":"https:\/\/estado29.mx\/index.php?rest_route=\/wp\/v2\/posts\/94248\/revisions\/94250"}],"wp:featuredmedia":[{"embeddable":true,"href":"https:\/\/estado29.mx\/index.php?rest_route=\/wp\/v2\/media\/94249"}],"wp:attachment":[{"href":"https:\/\/estado29.mx\/index.php?rest_route=%2Fwp%2Fv2%2Fmedia&parent=94248"}],"wp:term":[{"taxonomy":"category","embeddable":true,"href":"https:\/\/estado29.mx\/index.php?rest_route=%2Fwp%2Fv2%2Fcategories&post=94248"},{"taxonomy":"post_tag","embeddable":true,"href":"https:\/\/estado29.mx\/index.php?rest_route=%2Fwp%2Fv2%2Ftags&post=94248"}],"curies":[{"name":"wp","href":"https:\/\/api.w.org\/{rel}","templated":true}]}}