{"id":94254,"date":"2025-03-18T05:34:19","date_gmt":"2025-03-18T05:34:19","guid":{"rendered":"https:\/\/estado29.mx\/?p=94254"},"modified":"2025-03-18T05:34:19","modified_gmt":"2025-03-18T05:34:19","slug":"asaltan-y-roban-pertenencias-tras-hacer-una-cita-para-vender-un-celular-en-facebook-en-apizaco","status":"publish","type":"post","link":"https:\/\/estado29.mx\/?p=94254","title":{"rendered":"Asaltan y roban pertenencias tras hacer una cita para vender un celular en Facebook en Apizaco.\u00a0"},"content":{"rendered":"\n<p>Paco Ugarte.&nbsp;<\/p>\n\n\n\n<p>La noche de este lunes, momentos de terror vivi\u00f3 un hombre quien se dedica a la compra y venta de art\u00edculos a trav\u00e9s de redes sociales.&nbsp;<\/p>\n\n\n\n<p>Tras una declaraci\u00f3n que ha emitido a distintos medios de comunicaci\u00f3n, se\u00f1ala que tuvo una cita a trav\u00e9s de Facebook con un perfil bajo el nombre de \u201cAlejandro\u201d y quien le comprar\u00eda un tel\u00e9fono celular.&nbsp;<\/p>\n\n\n\n<p>El punto de venta ser\u00eda sobre la avenida 16 de septiembre cerca de las v\u00edas del tren y de una conocida plaza comercial en Apizaco.&nbsp;<\/p>\n\n\n\n<p>Al lugar llegan varios sujetos abordo de un veh\u00edculo hyundai color negro con placas de circulaci\u00f3n del estado de Tlaxcala XTZ -762-B y despu\u00e9s de verificar el equipo, lo toma, simula la entrega del efectivo y huyen.&nbsp;<\/p>\n\n\n\n<p>En su intento de evitar este hecho el hombre fue arrastrado al rededor de 100 metros en el veh\u00edculo, provoc\u00e1ndole algunas lesiones y a pesar de reportar el hecho nada se pudo hacer.&nbsp;<\/p>\n\n\n\n<p>Hasta este momento se desconoce si el afectado interpondr\u00e1 su denuncia para abrir la carpeta de investigaci\u00f3n, sin embargo, ha exhortado a quienes realizan este tipo de pr\u00e1cticas tomar precauciones.<\/p>\n","protected":false},"excerpt":{"rendered":"<p>Paco Ugarte.&nbsp; La noche de este lunes, momentos de terror vivi\u00f3 un hombre quien se dedica a la compra y venta de art\u00edculos a trav\u00e9s de redes sociales.&nbsp; Tras una declaraci\u00f3n que ha emitido a distintos medios de comunicaci\u00f3n, se\u00f1ala que tuvo una cita a trav\u00e9s de Facebook con un perfil bajo el nombre de [&hellip;]<\/p>\n","protected":false},"author":5,"featured_media":94255,"comment_status":"open","ping_status":"open","sticky":false,"template":"","format":"standard","meta":{"om_disable_all_campaigns":false,"_monsterinsights_skip_tracking":false,"_monsterinsights_sitenote_active":false,"_monsterinsights_sitenote_note":"","_monsterinsights_sitenote_category":0,"jnews-multi-image_gallery":[],"jnews_single_post":{"format":"standard"},"jnews_primary_category":[],"footnotes":""},"categories":[1],"tags":[],"class_list":["post-94254","post","type-post","status-publish","format-standard","has-post-thumbnail","hentry","category-uncategorized"],"aioseo_notices":[],"_links":{"self":[{"href":"https:\/\/estado29.mx\/index.php?rest_route=\/wp\/v2\/posts\/94254","targetHints":{"allow":["GET"]}}],"collection":[{"href":"https:\/\/estado29.mx\/index.php?rest_route=\/wp\/v2\/posts"}],"about":[{"href":"https:\/\/estado29.mx\/index.php?rest_route=\/wp\/v2\/types\/post"}],"author":[{"embeddable":true,"href":"https:\/\/estado29.mx\/index.php?rest_route=\/wp\/v2\/users\/5"}],"replies":[{"embeddable":true,"href":"https:\/\/estado29.mx\/index.php?rest_route=%2Fwp%2Fv2%2Fcomments&post=94254"}],"version-history":[{"count":1,"href":"https:\/\/estado29.mx\/index.php?rest_route=\/wp\/v2\/posts\/94254\/revisions"}],"predecessor-version":[{"id":94256,"href":"https:\/\/estado29.mx\/index.php?rest_route=\/wp\/v2\/posts\/94254\/revisions\/94256"}],"wp:featuredmedia":[{"embeddable":true,"href":"https:\/\/estado29.mx\/index.php?rest_route=\/wp\/v2\/media\/94255"}],"wp:attachment":[{"href":"https:\/\/estado29.mx\/index.php?rest_route=%2Fwp%2Fv2%2Fmedia&parent=94254"}],"wp:term":[{"taxonomy":"category","embeddable":true,"href":"https:\/\/estado29.mx\/index.php?rest_route=%2Fwp%2Fv2%2Fcategories&post=94254"},{"taxonomy":"post_tag","embeddable":true,"href":"https:\/\/estado29.mx\/index.php?rest_route=%2Fwp%2Fv2%2Ftags&post=94254"}],"curies":[{"name":"wp","href":"https:\/\/api.w.org\/{rel}","templated":true}]}}