{"id":94260,"date":"2025-03-18T22:56:00","date_gmt":"2025-03-18T22:56:00","guid":{"rendered":"https:\/\/estado29.mx\/?p=94260"},"modified":"2025-03-18T22:56:00","modified_gmt":"2025-03-18T22:56:00","slug":"en-buen-estado-de-salud-abuelito-extraviado-en-la-malinche","status":"publish","type":"post","link":"https:\/\/estado29.mx\/?p=94260","title":{"rendered":"En buen estado de salud, abuelito extraviado en la Malinche."},"content":{"rendered":"\n<p>Paco Ugarte.<\/p>\n\n\n\n<p>Elementos de la Polic\u00eda de Monta\u00f1a dependiente de la Secretar\u00eda de Seguridad Ciudadana, lograron con \u00e9xito la localizaci\u00f3n de Francisco N., monta\u00f1ista extraviado desde el pasado viernes en la Malinche, mientras realizaba senderismo.<\/p>\n\n\n\n<p>El hombre de 62 a\u00f1os de edad fue localizado y se\u00f1ala se desorient\u00f3, sin embargo, gracias al operativo que se\u00f1ala implement\u00f3 fue localiz\u00f3 por lo que fue valorado para recibir atenci\u00f3n m\u00e9dica.<\/p>\n\n\n\n<p>Fue trasladado a San Miguel Canoa de donde es originaria para atenci\u00f3n m\u00e9dica, no obstante la SSC recomend\u00f3 a excursionistas planificar sus rutas, informar a familiares, llevar equipo adecuado y evitar realizar estas actividades solo<\/p>\n","protected":false},"excerpt":{"rendered":"<p>Paco Ugarte. Elementos de la Polic\u00eda de Monta\u00f1a dependiente de la Secretar\u00eda de Seguridad Ciudadana, lograron con \u00e9xito la localizaci\u00f3n de Francisco N., monta\u00f1ista extraviado desde el pasado viernes en la Malinche, mientras realizaba senderismo. El hombre de 62 a\u00f1os de edad fue localizado y se\u00f1ala se desorient\u00f3, sin embargo, gracias al operativo que se\u00f1ala [&hellip;]<\/p>\n","protected":false},"author":5,"featured_media":94261,"comment_status":"open","ping_status":"open","sticky":false,"template":"","format":"standard","meta":{"om_disable_all_campaigns":false,"_monsterinsights_skip_tracking":false,"_monsterinsights_sitenote_active":false,"_monsterinsights_sitenote_note":"","_monsterinsights_sitenote_category":0,"jnews-multi-image_gallery":[],"jnews_single_post":{"format":"standard"},"jnews_primary_category":[],"footnotes":""},"categories":[1],"tags":[],"class_list":["post-94260","post","type-post","status-publish","format-standard","has-post-thumbnail","hentry","category-uncategorized"],"aioseo_notices":[],"_links":{"self":[{"href":"https:\/\/estado29.mx\/index.php?rest_route=\/wp\/v2\/posts\/94260","targetHints":{"allow":["GET"]}}],"collection":[{"href":"https:\/\/estado29.mx\/index.php?rest_route=\/wp\/v2\/posts"}],"about":[{"href":"https:\/\/estado29.mx\/index.php?rest_route=\/wp\/v2\/types\/post"}],"author":[{"embeddable":true,"href":"https:\/\/estado29.mx\/index.php?rest_route=\/wp\/v2\/users\/5"}],"replies":[{"embeddable":true,"href":"https:\/\/estado29.mx\/index.php?rest_route=%2Fwp%2Fv2%2Fcomments&post=94260"}],"version-history":[{"count":1,"href":"https:\/\/estado29.mx\/index.php?rest_route=\/wp\/v2\/posts\/94260\/revisions"}],"predecessor-version":[{"id":94262,"href":"https:\/\/estado29.mx\/index.php?rest_route=\/wp\/v2\/posts\/94260\/revisions\/94262"}],"wp:featuredmedia":[{"embeddable":true,"href":"https:\/\/estado29.mx\/index.php?rest_route=\/wp\/v2\/media\/94261"}],"wp:attachment":[{"href":"https:\/\/estado29.mx\/index.php?rest_route=%2Fwp%2Fv2%2Fmedia&parent=94260"}],"wp:term":[{"taxonomy":"category","embeddable":true,"href":"https:\/\/estado29.mx\/index.php?rest_route=%2Fwp%2Fv2%2Fcategories&post=94260"},{"taxonomy":"post_tag","embeddable":true,"href":"https:\/\/estado29.mx\/index.php?rest_route=%2Fwp%2Fv2%2Ftags&post=94260"}],"curies":[{"name":"wp","href":"https:\/\/api.w.org\/{rel}","templated":true}]}}