{"id":94277,"date":"2025-03-19T13:39:51","date_gmt":"2025-03-19T13:39:51","guid":{"rendered":"https:\/\/estado29.mx\/?p=94277"},"modified":"2025-03-19T13:39:53","modified_gmt":"2025-03-19T13:39:53","slug":"tlaxcala-y-20-estados-mas-cumplieron-100-por-ciento-con-la-contratacion-de-medicos-especialistas","status":"publish","type":"post","link":"https:\/\/estado29.mx\/?p=94277","title":{"rendered":"Tlaxcala y 20 estados m\u00e1s cumplieron 100 por ciento con la contrataci\u00f3n de m\u00e9dicos especialistas"},"content":{"rendered":"\n<p><\/p>\n\n\n\n<p>*El objetivo se logr\u00f3 durante la Feria de Reclutamiento IMSS 2025, afirm\u00f3 Zo\u00e9 Robledo<\/p>\n\n\n\n<p>El director general del Instituto Mexicano del Seguro Social (IMSS), Zo\u00e9 Robledo Aburto, inform\u00f3 que Tlaxcala, junto con 20 estados m\u00e1s, cubrieron al 100 por ciento la contrataci\u00f3n de m\u00e9dicos especialistas en la \u201cFeria de Reclutamiento IMSS 2025\u201d, quienes iniciaron a laborar en instituciones m\u00e9dicas el 16 de marzo pasado.<\/p>\n\n\n\n<p>Durante la conferencia de prensa matutina \u201cLa ma\u00f1anera del pueblo\u201d de este 18 de marzo y encabezada por la presidenta de M\u00e9xico, Claudia Sheinbaum Pardo, Robledo Aburto afirm\u00f3 que en la entidad tlaxcalteca fueron contratados 70 m\u00e9dicos especialistas en el periodo de reclutamiento, con la finalidad de contar con mayor personal de salud especializado para atender a la poblaci\u00f3n tlaxcalteca.<\/p>\n\n\n\n<p>El titular del IMSS dijo que a nivel nacional las 21 entidades del pa\u00eds, incluida Tlaxcala, contrataron una cifra hist\u00f3rica de 9 mil 423 m\u00e9dicas y m\u00e9dicos especialistas de 70 disciplinas.<\/p>\n\n\n\n<p>Las especialidades con mayor demanda fueron medicina familiar, medicina de urgencias, anestesiolog\u00eda, cirug\u00eda general, gineco obstetricia y medicina interna.<\/p>\n\n\n\n<p>Durante su intervenci\u00f3n, afirm\u00f3 que \u201cestas acciones hablan de una pol\u00edtica consistente de formaci\u00f3n para la posterior contrataci\u00f3n. Este elemento que nos ha encargado la presidenta Claudia Sheinbaum, que adem\u00e1s de la apertura de instalaciones, la compra de equipos y dem\u00e1s, se tenga siempre la presencia del m\u00e9dico, la m\u00e9dica especialista en el turno en donde hay necesidad\u201d.<\/p>\n\n\n\n<p>Agreg\u00f3 que es un dato importante considerar las 70 disciplinas en las que contrataron personal, pues hab\u00eda ocasiones en algunas de las especialidades y subespecialidades, se quedaban sin contrataci\u00f3n, pero ahora se han incluido.<\/p>\n","protected":false},"excerpt":{"rendered":"<p>*El objetivo se logr\u00f3 durante la Feria de Reclutamiento IMSS 2025, afirm\u00f3 Zo\u00e9 Robledo El director general del Instituto Mexicano del Seguro Social (IMSS), Zo\u00e9 Robledo Aburto, inform\u00f3 que Tlaxcala, junto con 20 estados m\u00e1s, cubrieron al 100 por ciento la contrataci\u00f3n de m\u00e9dicos especialistas en la \u201cFeria de Reclutamiento IMSS 2025\u201d, quienes iniciaron a [&hellip;]<\/p>\n","protected":false},"author":4,"featured_media":94278,"comment_status":"open","ping_status":"open","sticky":false,"template":"","format":"standard","meta":{"om_disable_all_campaigns":false,"_monsterinsights_skip_tracking":false,"_monsterinsights_sitenote_active":false,"_monsterinsights_sitenote_note":"","_monsterinsights_sitenote_category":0,"jnews-multi-image_gallery":[],"jnews_single_post":{"format":"standard"},"jnews_primary_category":[],"footnotes":""},"categories":[1],"tags":[],"class_list":["post-94277","post","type-post","status-publish","format-standard","has-post-thumbnail","hentry","category-uncategorized"],"aioseo_notices":[],"_links":{"self":[{"href":"https:\/\/estado29.mx\/index.php?rest_route=\/wp\/v2\/posts\/94277","targetHints":{"allow":["GET"]}}],"collection":[{"href":"https:\/\/estado29.mx\/index.php?rest_route=\/wp\/v2\/posts"}],"about":[{"href":"https:\/\/estado29.mx\/index.php?rest_route=\/wp\/v2\/types\/post"}],"author":[{"embeddable":true,"href":"https:\/\/estado29.mx\/index.php?rest_route=\/wp\/v2\/users\/4"}],"replies":[{"embeddable":true,"href":"https:\/\/estado29.mx\/index.php?rest_route=%2Fwp%2Fv2%2Fcomments&post=94277"}],"version-history":[{"count":1,"href":"https:\/\/estado29.mx\/index.php?rest_route=\/wp\/v2\/posts\/94277\/revisions"}],"predecessor-version":[{"id":94279,"href":"https:\/\/estado29.mx\/index.php?rest_route=\/wp\/v2\/posts\/94277\/revisions\/94279"}],"wp:featuredmedia":[{"embeddable":true,"href":"https:\/\/estado29.mx\/index.php?rest_route=\/wp\/v2\/media\/94278"}],"wp:attachment":[{"href":"https:\/\/estado29.mx\/index.php?rest_route=%2Fwp%2Fv2%2Fmedia&parent=94277"}],"wp:term":[{"taxonomy":"category","embeddable":true,"href":"https:\/\/estado29.mx\/index.php?rest_route=%2Fwp%2Fv2%2Fcategories&post=94277"},{"taxonomy":"post_tag","embeddable":true,"href":"https:\/\/estado29.mx\/index.php?rest_route=%2Fwp%2Fv2%2Ftags&post=94277"}],"curies":[{"name":"wp","href":"https:\/\/api.w.org\/{rel}","templated":true}]}}