{"id":94283,"date":"2025-03-19T13:46:33","date_gmt":"2025-03-19T13:46:33","guid":{"rendered":"https:\/\/estado29.mx\/?p=94283"},"modified":"2025-03-19T13:46:34","modified_gmt":"2025-03-19T13:46:34","slug":"reconocen-legado-de-la-maestra-rosa-maria-lucio-parra-a-tlaxcala","status":"publish","type":"post","link":"https:\/\/estado29.mx\/?p=94283","title":{"rendered":"Reconocen legado de la maestra Rosa Mar\u00eda Lucio Parra a Tlaxcala"},"content":{"rendered":"\n<p>*Con un evento simb\u00f3lico, se rindi\u00f3 homenaje a una vida dedicada al arte, la identidad y la ense\u00f1anza en el estado<\/p>\n\n\n\n<p>El gobierno del estado de Tlaxcala, a trav\u00e9s de la Secretar\u00eda de Cultura (SC), rindi\u00f3 un homenaje a la artista, educadora y directora de la Escuela de Arte de Tlaxcala, Rosa Mar\u00eda Lucio Parra, en reconocimiento a sutrayectoria y contribuci\u00f3n al patrimonio cultural de la entidad a lo largo de 50 a\u00f1os. El evento se llev\u00f3 a cabo en el Teatro Xicoht\u00e9ncatl, donde autoridades estatales, acad\u00e9micos, artistas y miembros de la comunidad cultural se reunieron para celebrar su legado.<\/p>\n\n\n\n<p>El reconocimiento &#8220;Legado Tlaxcalteca&#8221; fue otorgado a la maestra Lucio Parra por su compromiso con el fortalecimiento de la identidad cultural del estado, as\u00ed como por su destacada labor en las artes pl\u00e1sticas. A lo largo de su trayectoria, la homenajeada ha llevado su arte m\u00e1s all\u00e1 de las fronteras nacionales, con exposiciones en M\u00e9xico, Estados Unidos, Canad\u00e1 y Europa. Su obra no solo enaltece a la cultura tlaxcalteca, sino que tambi\u00e9n ha servido como un medio de representaci\u00f3n de la mujer en el arte.<\/p>\n\n\n\n<p>En su intervenci\u00f3n, Rosa Mar\u00eda Lucio Parra expres\u00f3 su gratitud y emoci\u00f3n por el reconocimiento recibido: &#8220;Realmente estoy muy agradecida con la gobernadora del estado, Lorena Cuellar Cisneros, que gracias a su apoyo hemos concretado proyectos culturales, as\u00ed como tambi\u00e9n agradezco a toda la comunidad art\u00edstica del estado de Tlaxcala, porque siempre me apoyaron. Recibir este homenaje me llena de orgullo y me motiva a seguir promoviendo la educaci\u00f3n en nuestra identidad cultural a trav\u00e9s del arte.&#8221; concluy\u00f3.<\/p>\n\n\n\n<p>El evento cont\u00f3 con la presencia de la secretaria de Cultura, Karen Villeda, y personalidades del \u00e1mbito art\u00edstico y acad\u00e9mico, como el director del INAH Tlaxcala, Jos\u00e9 Vicente de la Rosa Herrera, y Edith L\u00f3pez, reportera especializada en temas culturales, entre otros.<\/p>\n\n\n\n<p>Durante la ceremonia, se proyectaron im\u00e1genes representativas de la obra de la maestra Lucio Parra, seguidas de mensajes de reconocimiento por parte de autoridades y expertos en arte. El momento culminante fue la entrega del reconocimiento y presea, s\u00edmbolo del impacto positivo que ha tenido su labor en la historia cultural de Tlaxcala.<\/p>\n\n\n\n<p>La secretaria de Cultura, Karen Villeda, resalt\u00f3 la trascendencia del homenaje: &#8220;Reconocer a la maestra Rosa Mar\u00eda Lucio Parra fue reconocer el talento, la dedicaci\u00f3n y la visi\u00f3n de una artista que puso en alto el nombre de Tlaxcala. Su legado es un faro para las nuevas generaciones, una inspiraci\u00f3n para quienes encuentran en el arte un veh\u00edculo de expresi\u00f3n y transformaci\u00f3n&#8221;, mencion\u00f3.<\/p>\n\n\n\n<p>Con este evento, se reafirma el compromiso con la cultura y con el reconocimiento de aquellas figuras cuya trayectoria ha dejado una huella imborrable en el arte, mientras que la maestra Rosa Mar\u00eda Lucio Parra se consolida como un pilar fundamental en la promoci\u00f3n del arte para identidad tlaxcalteca, inspirando a futuras generaciones de j\u00f3venes artistas y creadores.<\/p>\n","protected":false},"excerpt":{"rendered":"<p>*Con un evento simb\u00f3lico, se rindi\u00f3 homenaje a una vida dedicada al arte, la identidad y la ense\u00f1anza en el estado El gobierno del estado de Tlaxcala, a trav\u00e9s de la Secretar\u00eda de Cultura (SC), rindi\u00f3 un homenaje a la artista, educadora y directora de la Escuela de Arte de Tlaxcala, Rosa Mar\u00eda Lucio Parra, [&hellip;]<\/p>\n","protected":false},"author":4,"featured_media":94284,"comment_status":"open","ping_status":"open","sticky":false,"template":"","format":"standard","meta":{"om_disable_all_campaigns":false,"_monsterinsights_skip_tracking":false,"_monsterinsights_sitenote_active":false,"_monsterinsights_sitenote_note":"","_monsterinsights_sitenote_category":0,"jnews-multi-image_gallery":[],"jnews_single_post":{"format":"standard"},"jnews_primary_category":[],"footnotes":""},"categories":[1],"tags":[],"class_list":["post-94283","post","type-post","status-publish","format-standard","has-post-thumbnail","hentry","category-uncategorized"],"aioseo_notices":[],"_links":{"self":[{"href":"https:\/\/estado29.mx\/index.php?rest_route=\/wp\/v2\/posts\/94283","targetHints":{"allow":["GET"]}}],"collection":[{"href":"https:\/\/estado29.mx\/index.php?rest_route=\/wp\/v2\/posts"}],"about":[{"href":"https:\/\/estado29.mx\/index.php?rest_route=\/wp\/v2\/types\/post"}],"author":[{"embeddable":true,"href":"https:\/\/estado29.mx\/index.php?rest_route=\/wp\/v2\/users\/4"}],"replies":[{"embeddable":true,"href":"https:\/\/estado29.mx\/index.php?rest_route=%2Fwp%2Fv2%2Fcomments&post=94283"}],"version-history":[{"count":1,"href":"https:\/\/estado29.mx\/index.php?rest_route=\/wp\/v2\/posts\/94283\/revisions"}],"predecessor-version":[{"id":94285,"href":"https:\/\/estado29.mx\/index.php?rest_route=\/wp\/v2\/posts\/94283\/revisions\/94285"}],"wp:featuredmedia":[{"embeddable":true,"href":"https:\/\/estado29.mx\/index.php?rest_route=\/wp\/v2\/media\/94284"}],"wp:attachment":[{"href":"https:\/\/estado29.mx\/index.php?rest_route=%2Fwp%2Fv2%2Fmedia&parent=94283"}],"wp:term":[{"taxonomy":"category","embeddable":true,"href":"https:\/\/estado29.mx\/index.php?rest_route=%2Fwp%2Fv2%2Fcategories&post=94283"},{"taxonomy":"post_tag","embeddable":true,"href":"https:\/\/estado29.mx\/index.php?rest_route=%2Fwp%2Fv2%2Ftags&post=94283"}],"curies":[{"name":"wp","href":"https:\/\/api.w.org\/{rel}","templated":true}]}}