{"id":94297,"date":"2025-03-20T01:53:46","date_gmt":"2025-03-20T01:53:46","guid":{"rendered":"https:\/\/estado29.mx\/?p=94297"},"modified":"2025-03-20T01:53:47","modified_gmt":"2025-03-20T01:53:47","slug":"fortalece-gobierno-de-ixtenco-la-cultura-de-la-prevencion-a-traves-de-curso-de-manejo-de-fuego-y-uso-de-extintores","status":"publish","type":"post","link":"https:\/\/estado29.mx\/?p=94297","title":{"rendered":"Fortalece Gobierno de Ixtenco la Cultura de la Prevenci\u00f3n a trav\u00e9s de Curso de Manejo de Fuego y Uso de Extintores."},"content":{"rendered":"\n<p><br>El Gobierno Municipal de Ixtenco, presidido por Miriam Aline Lazo Caballero, en coordinaci\u00f3n con la Coordinaci\u00f3n Estatal de Protecci\u00f3n Civil, llev\u00f3 a cabo el Curso de Manejo de Fuego y Uso de Extintores, con el prop\u00f3sito de fortalecer la cultura de la prevenci\u00f3n y seguridad en la comunidad.<\/p>\n\n\n\n<figure class=\"wp-block-image size-large\"><img loading=\"lazy\" decoding=\"async\" width=\"1024\" height=\"576\" src=\"https:\/\/estado29.mx\/wp-content\/uploads\/2025\/03\/IMG-20250319-WA0030-1024x576.jpg\" alt=\"\" class=\"wp-image-94299\" srcset=\"https:\/\/estado29.mx\/wp-content\/uploads\/2025\/03\/IMG-20250319-WA0030-1024x576.jpg 1024w, https:\/\/estado29.mx\/wp-content\/uploads\/2025\/03\/IMG-20250319-WA0030-300x169.jpg 300w, https:\/\/estado29.mx\/wp-content\/uploads\/2025\/03\/IMG-20250319-WA0030-768x432.jpg 768w, https:\/\/estado29.mx\/wp-content\/uploads\/2025\/03\/IMG-20250319-WA0030-1536x864.jpg 1536w, https:\/\/estado29.mx\/wp-content\/uploads\/2025\/03\/IMG-20250319-WA0030-750x422.jpg 750w, https:\/\/estado29.mx\/wp-content\/uploads\/2025\/03\/IMG-20250319-WA0030-1140x641.jpg 1140w, https:\/\/estado29.mx\/wp-content\/uploads\/2025\/03\/IMG-20250319-WA0030.jpg 1600w\" sizes=\"auto, (max-width: 1024px) 100vw, 1024px\" \/><\/figure>\n\n\n\n<p>La capacitaci\u00f3n cont\u00f3 con la participaci\u00f3n de 40 personas, entre comerciantes y ciudadan\u00eda en general, quienes recibieron instrucci\u00f3n te\u00f3rica y pr\u00e1ctica sobre el uso adecuado de extintores y las acciones a seguir en caso de un incendio. Uno de los ejercicios m\u00e1s relevantes fue el sofocamiento de fuego en un tanque de gas, simulando una de las situaciones de mayor riesgo en hogares y establecimientos comerciales.<\/p>\n\n\n\n<p>El coordinador de Protecci\u00f3n Civil municipal, C\u00e9sar Omar Ord\u00f3\u00f1ez Moreno, destac\u00f3 la importancia de este tipo de capacitaciones, enfatizando que el conocimiento y la preparaci\u00f3n ante emergencias pueden marcar la diferencia en la reducci\u00f3n de riesgos y la protecci\u00f3n de la poblaci\u00f3n.<\/p>\n\n\n\n<figure class=\"wp-block-image size-large\"><img loading=\"lazy\" decoding=\"async\" width=\"1024\" height=\"576\" src=\"https:\/\/estado29.mx\/wp-content\/uploads\/2025\/03\/IMG-20250319-WA0029-1024x576.jpg\" alt=\"\" class=\"wp-image-94300\" srcset=\"https:\/\/estado29.mx\/wp-content\/uploads\/2025\/03\/IMG-20250319-WA0029-1024x576.jpg 1024w, https:\/\/estado29.mx\/wp-content\/uploads\/2025\/03\/IMG-20250319-WA0029-300x169.jpg 300w, https:\/\/estado29.mx\/wp-content\/uploads\/2025\/03\/IMG-20250319-WA0029-768x432.jpg 768w, https:\/\/estado29.mx\/wp-content\/uploads\/2025\/03\/IMG-20250319-WA0029-1536x864.jpg 1536w, https:\/\/estado29.mx\/wp-content\/uploads\/2025\/03\/IMG-20250319-WA0029-750x422.jpg 750w, https:\/\/estado29.mx\/wp-content\/uploads\/2025\/03\/IMG-20250319-WA0029-1140x641.jpg 1140w, https:\/\/estado29.mx\/wp-content\/uploads\/2025\/03\/IMG-20250319-WA0029.jpg 1600w\" sizes=\"auto, (max-width: 1024px) 100vw, 1024px\" \/><\/figure>\n\n\n\n<p>&#8220;El objetivo principal es dotar a la ciudadan\u00eda de herramientas y conocimientos para reaccionar de manera efectiva ante una emergencia. Saber c\u00f3mo actuar y utilizar un extintor en el momento oportuno puede prevenir incidentes mayores y proteger vidas&#8221;, se\u00f1al\u00f3.<\/p>\n\n\n\n<p><br>Durante el curso, los asistentes aprendieron sobre:<br>\u2022\u2060 \u2060Identificaci\u00f3n de riesgos de incendio en entornos dom\u00e9sticos y comerciales.<br>\u2022\u2060 \u2060Manejo y uso correcto de extintores, tipos y aplicaci\u00f3n seg\u00fan el tipo de fuego.<br>\u2022\u2060 \u2060Medidas preventivas y protocolos de acci\u00f3n en caso de siniestro.<br>\u2022\u2060 \u2060Control de fuego en tanques de gas, considerando su alta peligrosidad.<\/p>\n\n\n\n<figure class=\"wp-block-image size-large\"><img loading=\"lazy\" decoding=\"async\" width=\"1024\" height=\"768\" src=\"https:\/\/estado29.mx\/wp-content\/uploads\/2025\/03\/IMG-20250319-WA0032-1024x768.jpg\" alt=\"\" class=\"wp-image-94301\" srcset=\"https:\/\/estado29.mx\/wp-content\/uploads\/2025\/03\/IMG-20250319-WA0032-1024x768.jpg 1024w, https:\/\/estado29.mx\/wp-content\/uploads\/2025\/03\/IMG-20250319-WA0032-300x225.jpg 300w, https:\/\/estado29.mx\/wp-content\/uploads\/2025\/03\/IMG-20250319-WA0032-768x576.jpg 768w, https:\/\/estado29.mx\/wp-content\/uploads\/2025\/03\/IMG-20250319-WA0032-750x563.jpg 750w, https:\/\/estado29.mx\/wp-content\/uploads\/2025\/03\/IMG-20250319-WA0032.jpg 1040w\" sizes=\"auto, (max-width: 1024px) 100vw, 1024px\" \/><\/figure>\n\n\n\n<p>La presidenta municipal, Aline Lazo Caballero, reafirm\u00f3 su compromiso con la prevenci\u00f3n y el bienestar de la poblaci\u00f3n, destacando que el Gobierno Municipal continuar\u00e1 impulsando acciones que fortalezcan la cultura de la protecci\u00f3n civil en Ixtenco. &#8220;Es fundamental que como sociedad estemos preparados ante cualquier eventualidad. La prevenci\u00f3n y el conocimiento son clave para garantizar la seguridad de nuestras familias y nuestra comunidad. Seguiremos trabajando de la mano con las instancias estatales para acercar m\u00e1s capacitaciones a la poblaci\u00f3n&#8221;, expres\u00f3 la edil.<\/p>\n\n\n\n<p>El Gobierno Municipal de Ixtenco invita a la ciudadan\u00eda a estar atenta a las pr\u00f3ximas jornadas de capacitaci\u00f3n en materia de protecci\u00f3n civil, que se dar\u00e1n a conocer a trav\u00e9s de los canales oficiales del Ayuntamiento.<\/p>\n\n\n<figure class=\"wp-block-post-featured-image\"><img loading=\"lazy\" decoding=\"async\" width=\"1040\" height=\"780\" src=\"https:\/\/estado29.mx\/wp-content\/uploads\/2025\/03\/IMG-20250319-WA0027.jpg\" class=\"attachment-post-thumbnail size-post-thumbnail wp-post-image\" alt=\"\" style=\"object-fit:cover;\" srcset=\"https:\/\/estado29.mx\/wp-content\/uploads\/2025\/03\/IMG-20250319-WA0027.jpg 1040w, https:\/\/estado29.mx\/wp-content\/uploads\/2025\/03\/IMG-20250319-WA0027-300x225.jpg 300w, https:\/\/estado29.mx\/wp-content\/uploads\/2025\/03\/IMG-20250319-WA0027-1024x768.jpg 1024w, https:\/\/estado29.mx\/wp-content\/uploads\/2025\/03\/IMG-20250319-WA0027-768x576.jpg 768w, https:\/\/estado29.mx\/wp-content\/uploads\/2025\/03\/IMG-20250319-WA0027-750x563.jpg 750w\" sizes=\"auto, (max-width: 1040px) 100vw, 1040px\" \/><\/figure>","protected":false},"excerpt":{"rendered":"<p>El Gobierno Municipal de Ixtenco, presidido por Miriam Aline Lazo Caballero, en coordinaci\u00f3n con la Coordinaci\u00f3n Estatal de Protecci\u00f3n Civil, llev\u00f3 a cabo el Curso de Manejo de Fuego y Uso de Extintores, con el prop\u00f3sito de fortalecer la cultura de la prevenci\u00f3n y seguridad en la comunidad. La capacitaci\u00f3n cont\u00f3 con la participaci\u00f3n de [&hellip;]<\/p>\n","protected":false},"author":7,"featured_media":94298,"comment_status":"open","ping_status":"open","sticky":false,"template":"","format":"standard","meta":{"om_disable_all_campaigns":false,"_monsterinsights_skip_tracking":false,"_monsterinsights_sitenote_active":false,"_monsterinsights_sitenote_note":"","_monsterinsights_sitenote_category":0,"jnews-multi-image_gallery":[],"jnews_single_post":{"format":"standard"},"jnews_primary_category":[],"footnotes":""},"categories":[1],"tags":[],"class_list":["post-94297","post","type-post","status-publish","format-standard","has-post-thumbnail","hentry","category-uncategorized"],"aioseo_notices":[],"_links":{"self":[{"href":"https:\/\/estado29.mx\/index.php?rest_route=\/wp\/v2\/posts\/94297","targetHints":{"allow":["GET"]}}],"collection":[{"href":"https:\/\/estado29.mx\/index.php?rest_route=\/wp\/v2\/posts"}],"about":[{"href":"https:\/\/estado29.mx\/index.php?rest_route=\/wp\/v2\/types\/post"}],"author":[{"embeddable":true,"href":"https:\/\/estado29.mx\/index.php?rest_route=\/wp\/v2\/users\/7"}],"replies":[{"embeddable":true,"href":"https:\/\/estado29.mx\/index.php?rest_route=%2Fwp%2Fv2%2Fcomments&post=94297"}],"version-history":[{"count":1,"href":"https:\/\/estado29.mx\/index.php?rest_route=\/wp\/v2\/posts\/94297\/revisions"}],"predecessor-version":[{"id":94302,"href":"https:\/\/estado29.mx\/index.php?rest_route=\/wp\/v2\/posts\/94297\/revisions\/94302"}],"wp:featuredmedia":[{"embeddable":true,"href":"https:\/\/estado29.mx\/index.php?rest_route=\/wp\/v2\/media\/94298"}],"wp:attachment":[{"href":"https:\/\/estado29.mx\/index.php?rest_route=%2Fwp%2Fv2%2Fmedia&parent=94297"}],"wp:term":[{"taxonomy":"category","embeddable":true,"href":"https:\/\/estado29.mx\/index.php?rest_route=%2Fwp%2Fv2%2Fcategories&post=94297"},{"taxonomy":"post_tag","embeddable":true,"href":"https:\/\/estado29.mx\/index.php?rest_route=%2Fwp%2Fv2%2Ftags&post=94297"}],"curies":[{"name":"wp","href":"https:\/\/api.w.org\/{rel}","templated":true}]}}