{"id":94307,"date":"2025-03-20T05:17:26","date_gmt":"2025-03-20T05:17:26","guid":{"rendered":"https:\/\/estado29.mx\/?p=94307"},"modified":"2025-03-20T05:17:27","modified_gmt":"2025-03-20T05:17:27","slug":"enfrentamiento-entre-policias-y-presuntos-delincuentes-deja-3-detenidos-en-tzompantepec","status":"publish","type":"post","link":"https:\/\/estado29.mx\/?p=94307","title":{"rendered":"Enfrentamiento entre polic\u00edas y presuntos delincuentes deja 3 detenidos en Tzompantepec."},"content":{"rendered":"\n<p>Al rededor de las 8:00 de la noche de este mi\u00e9rcoles se registr\u00f3 el enfrentamiento con armas de fuego entre una presunta banda de asaltantes y elementos de investigaci\u00f3n, sobre la carretera M\u00e9xico &#8211; Veracruz, entre Tzompantepec y Xaloztoc.<\/p>\n\n\n\n<p>En informaci\u00f3n preliminar se sabe que oficiales de investigaci\u00f3n notaron una actitud sospechosa de un veh\u00edculo que adem\u00e1s portaba luces de uso exclusivo para autom\u00f3viles.<\/p>\n\n\n\n<p>Al momento de solicitar la detenci\u00f3n del veh\u00edculo, algunos sujetos comenzaron a disparar en contra de los elementos lo que origin\u00f3 una persecuci\u00f3n y enfrentamiento a b4l4z0s.<\/p>\n\n\n\n<p>Por estos hechos fueron asegurados 3 sujetos, 2 de ellos lesionados por arma de fuego quienes fueron trasladados al Hospital Regional de Tzompantepec.<\/p>\n\n\n\n<p>Adem\u00e1s fue asegurado el veh\u00edculo en el que viajaban, un inhibidor de se\u00f1al y un arma de fuego que se encontraban al interior del autom\u00f3vil, por lo que no se descarta estos sujetos est\u00e9n relacionados a una banda dedicada asaltar automovilistas en la zona.<\/p>\n\n\n\n<p>Finalmente elementos de seguridad acudieron al Hospital Regional de Tzompantepec para custodiar a los probables hampones y con ello iniciar con los protocolos que marca la ley.<\/p>\n","protected":false},"excerpt":{"rendered":"<p>Al rededor de las 8:00 de la noche de este mi\u00e9rcoles se registr\u00f3 el enfrentamiento con armas de fuego entre una presunta banda de asaltantes y elementos de investigaci\u00f3n, sobre la carretera M\u00e9xico &#8211; Veracruz, entre Tzompantepec y Xaloztoc. En informaci\u00f3n preliminar se sabe que oficiales de investigaci\u00f3n notaron una actitud sospechosa de un veh\u00edculo [&hellip;]<\/p>\n","protected":false},"author":5,"featured_media":94308,"comment_status":"open","ping_status":"open","sticky":false,"template":"","format":"standard","meta":{"om_disable_all_campaigns":false,"_monsterinsights_skip_tracking":false,"_monsterinsights_sitenote_active":false,"_monsterinsights_sitenote_note":"","_monsterinsights_sitenote_category":0,"jnews-multi-image_gallery":[],"jnews_single_post":{"format":"standard"},"jnews_primary_category":[],"footnotes":""},"categories":[1],"tags":[],"class_list":["post-94307","post","type-post","status-publish","format-standard","has-post-thumbnail","hentry","category-uncategorized"],"aioseo_notices":[],"_links":{"self":[{"href":"https:\/\/estado29.mx\/index.php?rest_route=\/wp\/v2\/posts\/94307","targetHints":{"allow":["GET"]}}],"collection":[{"href":"https:\/\/estado29.mx\/index.php?rest_route=\/wp\/v2\/posts"}],"about":[{"href":"https:\/\/estado29.mx\/index.php?rest_route=\/wp\/v2\/types\/post"}],"author":[{"embeddable":true,"href":"https:\/\/estado29.mx\/index.php?rest_route=\/wp\/v2\/users\/5"}],"replies":[{"embeddable":true,"href":"https:\/\/estado29.mx\/index.php?rest_route=%2Fwp%2Fv2%2Fcomments&post=94307"}],"version-history":[{"count":1,"href":"https:\/\/estado29.mx\/index.php?rest_route=\/wp\/v2\/posts\/94307\/revisions"}],"predecessor-version":[{"id":94309,"href":"https:\/\/estado29.mx\/index.php?rest_route=\/wp\/v2\/posts\/94307\/revisions\/94309"}],"wp:featuredmedia":[{"embeddable":true,"href":"https:\/\/estado29.mx\/index.php?rest_route=\/wp\/v2\/media\/94308"}],"wp:attachment":[{"href":"https:\/\/estado29.mx\/index.php?rest_route=%2Fwp%2Fv2%2Fmedia&parent=94307"}],"wp:term":[{"taxonomy":"category","embeddable":true,"href":"https:\/\/estado29.mx\/index.php?rest_route=%2Fwp%2Fv2%2Fcategories&post=94307"},{"taxonomy":"post_tag","embeddable":true,"href":"https:\/\/estado29.mx\/index.php?rest_route=%2Fwp%2Fv2%2Ftags&post=94307"}],"curies":[{"name":"wp","href":"https:\/\/api.w.org\/{rel}","templated":true}]}}