{"id":94335,"date":"2025-03-21T02:10:53","date_gmt":"2025-03-21T02:10:53","guid":{"rendered":"https:\/\/estado29.mx\/?p=94335"},"modified":"2025-03-21T02:12:21","modified_gmt":"2025-03-21T02:12:21","slug":"anuncia-ayuntamiento-de-ixtenco-cierres-viales-por-desfile-de-primavera","status":"publish","type":"post","link":"https:\/\/estado29.mx\/?p=94335","title":{"rendered":"Anuncia Ayuntamiento de Ixtenco cierres viales por Desfile de Primavera."},"content":{"rendered":"\n<p><\/p>\n\n\n\n<p>El Gobierno Municipal de Ixtenco, a trav\u00e9s de la Direcci\u00f3n de Polic\u00eda Municipal, informa a la ciudadan\u00eda que, con motivo del Desfile de Primavera, se implementar\u00e1n cortes viales en el centro del municipio el d\u00eda de ma\u00f1ana, 21 de marzo, en un horario de 7:00 a 13:00 horas.<\/p>\n\n\n\n<p>El director de la Polic\u00eda Municipal, Alejandro Reyes Soto, explic\u00f3 que esta medida tiene el prop\u00f3sito de garantizar la seguridad de los estudiantes que participar\u00e1n en el desfile, as\u00ed como de los asistentes. Por ello, durante el evento se cerrar\u00e1 a la circulaci\u00f3n el tramo carretero correspondiente a la calle 5 de Mayo y 2 Norte.<\/p>\n\n\n\n<p>Se recomienda a los automovilistas tomar precauciones y utilizar las siguientes rutas alternas:<br>\u2022 Circulaci\u00f3n con sentido a Huamantla: Deber\u00e1n utilizar la calle 3 Sur a Norte.<br>\u2022 Circulaci\u00f3n con sentido a Puebla: Deber\u00e1n transitar por la calle 9 Norte a Sur.<\/p>\n\n\n\n<p>Una vez concluido el desfile, la vialidad ser\u00e1 restablecida de manera normal.<\/p>\n\n\n\n<p>Por su parte, la Presidenta Municipal de Ixtenco, Miriam Al\u00edne Lazo Caballero, exhort\u00f3 a la poblaci\u00f3n a respetar los cierres viales y colaborar con las autoridades, enfatizando que la seguridad de los ni\u00f1os y j\u00f3venes es una prioridad.<\/p>\n\n\n\n<p>El Gobierno Municipal de Ixtenco agradece la comprensi\u00f3n y el apoyo de la ciudadan\u00eda e invita a disfrutar de esta celebraci\u00f3n que marca la llegada de la primavera.<\/p>\n\n\n<figure class=\"wp-block-post-featured-image\"><img loading=\"lazy\" decoding=\"async\" width=\"1080\" height=\"1080\" src=\"https:\/\/estado29.mx\/wp-content\/uploads\/2025\/03\/IMG-20250320-WA0015.jpg\" class=\"attachment-post-thumbnail size-post-thumbnail wp-post-image\" alt=\"\" style=\"object-fit:cover;\" srcset=\"https:\/\/estado29.mx\/wp-content\/uploads\/2025\/03\/IMG-20250320-WA0015.jpg 1080w, https:\/\/estado29.mx\/wp-content\/uploads\/2025\/03\/IMG-20250320-WA0015-300x300.jpg 300w, https:\/\/estado29.mx\/wp-content\/uploads\/2025\/03\/IMG-20250320-WA0015-1024x1024.jpg 1024w, https:\/\/estado29.mx\/wp-content\/uploads\/2025\/03\/IMG-20250320-WA0015-150x150.jpg 150w, https:\/\/estado29.mx\/wp-content\/uploads\/2025\/03\/IMG-20250320-WA0015-768x768.jpg 768w, https:\/\/estado29.mx\/wp-content\/uploads\/2025\/03\/IMG-20250320-WA0015-75x75.jpg 75w, https:\/\/estado29.mx\/wp-content\/uploads\/2025\/03\/IMG-20250320-WA0015-350x350.jpg 350w, https:\/\/estado29.mx\/wp-content\/uploads\/2025\/03\/IMG-20250320-WA0015-750x750.jpg 750w\" sizes=\"auto, (max-width: 1080px) 100vw, 1080px\" \/><\/figure>","protected":false},"excerpt":{"rendered":"<p>El Gobierno Municipal de Ixtenco, a trav\u00e9s de la Direcci\u00f3n de Polic\u00eda Municipal, informa a la ciudadan\u00eda que, con motivo del Desfile de Primavera, se implementar\u00e1n cortes viales en el centro del municipio el d\u00eda de ma\u00f1ana, 21 de marzo, en un horario de 7:00 a 13:00 horas. El director de la Polic\u00eda Municipal, Alejandro [&hellip;]<\/p>\n","protected":false},"author":7,"featured_media":94336,"comment_status":"open","ping_status":"open","sticky":false,"template":"","format":"standard","meta":{"om_disable_all_campaigns":false,"_monsterinsights_skip_tracking":false,"_monsterinsights_sitenote_active":false,"_monsterinsights_sitenote_note":"","_monsterinsights_sitenote_category":0,"jnews-multi-image_gallery":[],"jnews_single_post":{"format":"standard"},"jnews_primary_category":[],"footnotes":""},"categories":[1],"tags":[],"class_list":["post-94335","post","type-post","status-publish","format-standard","has-post-thumbnail","hentry","category-uncategorized"],"aioseo_notices":[],"_links":{"self":[{"href":"https:\/\/estado29.mx\/index.php?rest_route=\/wp\/v2\/posts\/94335","targetHints":{"allow":["GET"]}}],"collection":[{"href":"https:\/\/estado29.mx\/index.php?rest_route=\/wp\/v2\/posts"}],"about":[{"href":"https:\/\/estado29.mx\/index.php?rest_route=\/wp\/v2\/types\/post"}],"author":[{"embeddable":true,"href":"https:\/\/estado29.mx\/index.php?rest_route=\/wp\/v2\/users\/7"}],"replies":[{"embeddable":true,"href":"https:\/\/estado29.mx\/index.php?rest_route=%2Fwp%2Fv2%2Fcomments&post=94335"}],"version-history":[{"count":2,"href":"https:\/\/estado29.mx\/index.php?rest_route=\/wp\/v2\/posts\/94335\/revisions"}],"predecessor-version":[{"id":94339,"href":"https:\/\/estado29.mx\/index.php?rest_route=\/wp\/v2\/posts\/94335\/revisions\/94339"}],"wp:featuredmedia":[{"embeddable":true,"href":"https:\/\/estado29.mx\/index.php?rest_route=\/wp\/v2\/media\/94336"}],"wp:attachment":[{"href":"https:\/\/estado29.mx\/index.php?rest_route=%2Fwp%2Fv2%2Fmedia&parent=94335"}],"wp:term":[{"taxonomy":"category","embeddable":true,"href":"https:\/\/estado29.mx\/index.php?rest_route=%2Fwp%2Fv2%2Fcategories&post=94335"},{"taxonomy":"post_tag","embeddable":true,"href":"https:\/\/estado29.mx\/index.php?rest_route=%2Fwp%2Fv2%2Ftags&post=94335"}],"curies":[{"name":"wp","href":"https:\/\/api.w.org\/{rel}","templated":true}]}}