{"id":94357,"date":"2025-03-21T19:08:09","date_gmt":"2025-03-21T19:08:09","guid":{"rendered":"https:\/\/estado29.mx\/?p=94357"},"modified":"2025-03-21T19:08:10","modified_gmt":"2025-03-21T19:08:10","slug":"dan-banderazo-a-la-colecta-cruz-roja-2025-en-huamantla","status":"publish","type":"post","link":"https:\/\/estado29.mx\/?p=94357","title":{"rendered":"Dan Banderazo a la Colecta Cruz Roja 2025 en Huamantla"},"content":{"rendered":"\n<figure class=\"wp-block-gallery has-nested-images columns-default is-cropped wp-block-gallery-1 is-layout-flex wp-block-gallery-is-layout-flex\">\n<figure class=\"wp-block-image size-full\"><img loading=\"lazy\" decoding=\"async\" width=\"627\" height=\"557\" data-id=\"94358\" src=\"https:\/\/estado29.mx\/wp-content\/uploads\/2025\/03\/1000300745.jpg\" alt=\"\" class=\"wp-image-94358\" srcset=\"https:\/\/estado29.mx\/wp-content\/uploads\/2025\/03\/1000300745.jpg 627w, https:\/\/estado29.mx\/wp-content\/uploads\/2025\/03\/1000300745-300x267.jpg 300w\" sizes=\"auto, (max-width: 627px) 100vw, 627px\" \/><\/figure>\n<\/figure>\n\n\n\n<p>Con la asistencia de Juan Salvador Santos Cedillo Presidente Municipal de Huamantla, Miguel Garc\u00eda M\u00e9ndez Salazar, Delegado Estatal de Tlaxcala, Elisa Isabel Osorio Fern\u00e1ndez, Presidenta de Cruz Roja Delegaci\u00f3n Huamantla, Lic. David Mu\u00f1oz Villaf\u00e1n consejero estatal de Cruz Roja, Don Jos\u00e9 Hern\u00e1ndez Castillo, Cronista Em\u00e9rito de la Ciudad de Huamantla dieron inicio a la Colecta Cruz Roja 2025.<\/p>\n\n\n\n<p>A su vez, Elisa Isabel Osorio Fern\u00e1ndez, presidenta de Cruz Roja Delegaci\u00f3n Huamantla, agradeci\u00f3 la asistencia de autoridades locales y estatales, \u201cgracias al empuje y trabajo colaborativo de todos hoy podemos participar en esta delegaci\u00f3n, ya se cuenta con las cinco coordinaciones activas, que son socorros, capacitaci\u00f3n damas, veteranos y juventinos\u201d, me encantar\u00eda invitarlos a participar en esta ocasi\u00f3n con Cruz Roja, aqu\u00ed en Huamantla.<\/p>\n\n\n\n<p>Por su parte Miguel Garc\u00eda M\u00e9ndez Salazar, Delegado Estatal de Tlaxcala, agradeci\u00f3 a todos los involucrados para que la Cruz roja pueda llevar a cabo su labor social,\u201d es un honor estar hoy aqu\u00ed para dar inicio a la colecta 2025 de la cruz roja mexicana en este hermoso municipio de Huamantla, este evento simboliza mucho m\u00e1s que una campa\u00f1a de recaudaci\u00f3n.<\/p>\n\n\n\n<p>Finalmente, Juan Salvador Santos Cedillo Presidente Municipal puntualiz\u00f3 lo siguiente \u201cen la franja oriente tenemos muchos accidentes, en la zona carretera perote Amozoc, si solo cuantificamos esos accidentes, no hay que nos alcance, no hay unidades, no hay personal, es incuantificable, sin embargo la cruz roja trata de cubrir lo m\u00e1s que pueda\u201d.<\/p>\n\n\n\n<p>Los asistentes, resaltaron la importancia de contribuir como ciudadanos a esta colecta de la Cruz Roja, por lo que hacen un llamado a las y los huamantlecos a unirse a esta noble causa.<\/p>\n","protected":false},"excerpt":{"rendered":"<p>Con la asistencia de Juan Salvador Santos Cedillo Presidente Municipal de Huamantla, Miguel Garc\u00eda M\u00e9ndez Salazar, Delegado Estatal de Tlaxcala, Elisa Isabel Osorio Fern\u00e1ndez, Presidenta de Cruz Roja Delegaci\u00f3n Huamantla, Lic. David Mu\u00f1oz Villaf\u00e1n consejero estatal de Cruz Roja, Don Jos\u00e9 Hern\u00e1ndez Castillo, Cronista Em\u00e9rito de la Ciudad de Huamantla dieron inicio a la Colecta [&hellip;]<\/p>\n","protected":false},"author":4,"featured_media":0,"comment_status":"open","ping_status":"open","sticky":false,"template":"","format":"standard","meta":{"om_disable_all_campaigns":false,"_monsterinsights_skip_tracking":false,"_monsterinsights_sitenote_active":false,"_monsterinsights_sitenote_note":"","_monsterinsights_sitenote_category":0,"jnews-multi-image_gallery":[],"jnews_single_post":{"format":"standard"},"jnews_primary_category":[],"footnotes":""},"categories":[1],"tags":[],"class_list":["post-94357","post","type-post","status-publish","format-standard","hentry","category-uncategorized"],"aioseo_notices":[],"_links":{"self":[{"href":"https:\/\/estado29.mx\/index.php?rest_route=\/wp\/v2\/posts\/94357","targetHints":{"allow":["GET"]}}],"collection":[{"href":"https:\/\/estado29.mx\/index.php?rest_route=\/wp\/v2\/posts"}],"about":[{"href":"https:\/\/estado29.mx\/index.php?rest_route=\/wp\/v2\/types\/post"}],"author":[{"embeddable":true,"href":"https:\/\/estado29.mx\/index.php?rest_route=\/wp\/v2\/users\/4"}],"replies":[{"embeddable":true,"href":"https:\/\/estado29.mx\/index.php?rest_route=%2Fwp%2Fv2%2Fcomments&post=94357"}],"version-history":[{"count":1,"href":"https:\/\/estado29.mx\/index.php?rest_route=\/wp\/v2\/posts\/94357\/revisions"}],"predecessor-version":[{"id":94359,"href":"https:\/\/estado29.mx\/index.php?rest_route=\/wp\/v2\/posts\/94357\/revisions\/94359"}],"wp:attachment":[{"href":"https:\/\/estado29.mx\/index.php?rest_route=%2Fwp%2Fv2%2Fmedia&parent=94357"}],"wp:term":[{"taxonomy":"category","embeddable":true,"href":"https:\/\/estado29.mx\/index.php?rest_route=%2Fwp%2Fv2%2Fcategories&post=94357"},{"taxonomy":"post_tag","embeddable":true,"href":"https:\/\/estado29.mx\/index.php?rest_route=%2Fwp%2Fv2%2Ftags&post=94357"}],"curies":[{"name":"wp","href":"https:\/\/api.w.org\/{rel}","templated":true}]}}