{"id":94453,"date":"2025-03-25T02:12:04","date_gmt":"2025-03-25T02:12:04","guid":{"rendered":"https:\/\/estado29.mx\/?p=94453"},"modified":"2025-03-25T02:12:04","modified_gmt":"2025-03-25T02:12:04","slug":"ayuntamiento-de-ixtenco-lanza-convocatoria-para-disenar-la-imagen-oficial-de-la-feria-anual-2025-2","status":"publish","type":"post","link":"https:\/\/estado29.mx\/?p=94453","title":{"rendered":"Ayuntamiento de Ixtenco lanza convocatoria para dise\u00f1ar la imagen oficial de la Feria Anual 2025."},"content":{"rendered":"\n<p><\/p>\n\n\n\n<p>El H. Ayuntamiento de Ixtenco, encabezado por la Presidenta Municipal Aline Lazo Caballero, a trav\u00e9s de la Direcci\u00f3n de Cultura y Turismo que dirige David V\u00e1squez Alba\u00f1il, lanz\u00f3 la convocatoria abierta para seleccionar el dise\u00f1o oficial de la imagen que representar\u00e1 a la Feria Anual Ixtenco 2025, una de las celebraciones m\u00e1s importantes del municipio.<\/p>\n\n\n\n<p>La convocatoria est\u00e1 dirigida a todas las personas mayores de 18 a\u00f1os, originarias de Ixtenco, con conocimientos en dise\u00f1o gr\u00e1fico profesional. El objetivo es promover la participaci\u00f3n ciudadana y destacar el talento local, a trav\u00e9s de una propuesta visual que refleje la riqueza cultural, las tradiciones y los elementos que distinguen a este Pueblo M\u00e1gico.<\/p>\n\n\n\n<p>\u201cEl arte y la identidad de nuestro pueblo merecen ser representados por su gente. Por eso, esta convocatoria busca dar voz visual al sentir de nuestra comunidad\u201d, expres\u00f3 la Presidenta Municipal Aline Lazo Caballero, al invitar a la poblaci\u00f3n a sumarse a este esfuerzo colectivo.<\/p>\n\n\n\n<p>Por su parte, el Director de Cultura y Turismo, David V\u00e1squez Alba\u00f1il, explic\u00f3 que los dise\u00f1os deber\u00e1n ser completamente originales, realizados en programas profesionales como Adobe Illustrator, Photoshop o CorelDRAW, y entregados en formato editable y de alta resoluci\u00f3n. No se aceptar\u00e1n propuestas elaboradas en plataformas con plantillas predise\u00f1adas como Canva.<\/p>\n\n\n\n<p>La recepci\u00f3n de propuestas se llevar\u00e1 a cabo del 31 de marzo al 4 de abril de 2025 en las oficinas de la Direcci\u00f3n de Cultura y Turismo, ubicadas en el interior del Palacio Municipal.<\/p>\n\n\n\n<p>Una vez reunidos los dise\u00f1os, estos ser\u00e1n publicados en las redes sociales oficiales del Ayuntamiento para someterse a votaci\u00f3n ciudadana, mediante la din\u00e1mica de &#8220;likes&#8221;, la cual permitir\u00e1 a la poblaci\u00f3n elegir el dise\u00f1o que mejor represente a su feria. <\/p>\n\n\n\n<p>Solo se contabilizar\u00e1n votos de perfiles reales, evitando el uso de cuentas falsas o bots, las votaciones estar\u00e1n abiertas a partir del 5 de Abril y se cerrar\u00e1n hasta el 9 de abril a las 20:00 horas, despu\u00e9s de ese horario, ning\u00fan like o reacci\u00f3n ser\u00e1 valido.<\/p>\n\n\n\n<p>El dise\u00f1o ganador ser\u00e1 anunciado el 10 de abril de 2025, y su autor o autora recibir\u00e1 un reconocimiento oficial y un premio en efectivo de $3,000 pesos. <\/p>\n\n\n\n<p>Adem\u00e1s, su propuesta se convertir\u00e1 en la imagen oficial de todas las actividades y materiales promocionales de la Feria Ixtenco 2025.<\/p>\n\n\n\n<p>La convocatoria completa puede consultarse y descargarse en el siguiente enlace:<br>https:\/\/ixtenco.gob.mx\/contenidos\/ixtenco\/docs\/27_convocatoria-feria-logo_25324134223.pdf<\/p>\n\n\n","protected":false},"excerpt":{"rendered":"<p>El H. Ayuntamiento de Ixtenco, encabezado por la Presidenta Municipal Aline Lazo Caballero, a trav\u00e9s de la Direcci\u00f3n de Cultura y Turismo que dirige David V\u00e1squez Alba\u00f1il, lanz\u00f3 la convocatoria abierta para seleccionar el dise\u00f1o oficial de la imagen que representar\u00e1 a la Feria Anual Ixtenco 2025, una de las celebraciones m\u00e1s importantes del municipio. [&hellip;]<\/p>\n","protected":false},"author":7,"featured_media":0,"comment_status":"open","ping_status":"open","sticky":false,"template":"","format":"standard","meta":{"om_disable_all_campaigns":false,"_monsterinsights_skip_tracking":false,"_monsterinsights_sitenote_active":false,"_monsterinsights_sitenote_note":"","_monsterinsights_sitenote_category":0,"jnews-multi-image_gallery":[],"jnews_single_post":[],"jnews_primary_category":[],"footnotes":""},"categories":[1],"tags":[],"class_list":["post-94453","post","type-post","status-publish","format-standard","hentry","category-uncategorized"],"aioseo_notices":[],"_links":{"self":[{"href":"https:\/\/estado29.mx\/index.php?rest_route=\/wp\/v2\/posts\/94453","targetHints":{"allow":["GET"]}}],"collection":[{"href":"https:\/\/estado29.mx\/index.php?rest_route=\/wp\/v2\/posts"}],"about":[{"href":"https:\/\/estado29.mx\/index.php?rest_route=\/wp\/v2\/types\/post"}],"author":[{"embeddable":true,"href":"https:\/\/estado29.mx\/index.php?rest_route=\/wp\/v2\/users\/7"}],"replies":[{"embeddable":true,"href":"https:\/\/estado29.mx\/index.php?rest_route=%2Fwp%2Fv2%2Fcomments&post=94453"}],"version-history":[{"count":1,"href":"https:\/\/estado29.mx\/index.php?rest_route=\/wp\/v2\/posts\/94453\/revisions"}],"predecessor-version":[{"id":94454,"href":"https:\/\/estado29.mx\/index.php?rest_route=\/wp\/v2\/posts\/94453\/revisions\/94454"}],"wp:attachment":[{"href":"https:\/\/estado29.mx\/index.php?rest_route=%2Fwp%2Fv2%2Fmedia&parent=94453"}],"wp:term":[{"taxonomy":"category","embeddable":true,"href":"https:\/\/estado29.mx\/index.php?rest_route=%2Fwp%2Fv2%2Fcategories&post=94453"},{"taxonomy":"post_tag","embeddable":true,"href":"https:\/\/estado29.mx\/index.php?rest_route=%2Fwp%2Fv2%2Ftags&post=94453"}],"curies":[{"name":"wp","href":"https:\/\/api.w.org\/{rel}","templated":true}]}}