{"id":94462,"date":"2025-03-25T15:35:36","date_gmt":"2025-03-25T15:35:36","guid":{"rendered":"https:\/\/estado29.mx\/?p=94462"},"modified":"2025-03-25T15:35:36","modified_gmt":"2025-03-25T15:35:36","slug":"sin-agua-hasta-agosto-en-mariano-matamoros-huamantla-denuncian-vecinos","status":"publish","type":"post","link":"https:\/\/estado29.mx\/?p=94462","title":{"rendered":"Sin agua hasta agosto en Mariano Matamoros, Huamantla, denuncian vecinos."},"content":{"rendered":"\n<p>Paco Ugarte.<\/p>\n\n\n\n<p>Vecinos de la comunidad de Mariano Matamoros en Huamantla han acudido hasta este medio de comunicaci\u00f3n para reportar la falta de agua potable que se registra desde hace algunas semanas.<\/p>\n\n\n\n<p>Se\u00f1alaron que Marcelino Hern\u00e1ndez Presidente de la Comunidad, ha informado que si ha existido la distribuci\u00f3n del vital l\u00edquido sin embargo, solo se logra llenar una cubeta de 20 litros cuando el servicio es constante, a decir de los afectados.<\/p>\n\n\n\n<p>Expusieron que las autoridades ya han informado que el servicio se restablecer\u00e1 al 100% hasta el mes de agosto, por lo que exigen a las autoridades una soluci\u00f3n ante el desabasto que existe.<\/p>\n","protected":false},"excerpt":{"rendered":"<p>Paco Ugarte. Vecinos de la comunidad de Mariano Matamoros en Huamantla han acudido hasta este medio de comunicaci\u00f3n para reportar la falta de agua potable que se registra desde hace algunas semanas. Se\u00f1alaron que Marcelino Hern\u00e1ndez Presidente de la Comunidad, ha informado que si ha existido la distribuci\u00f3n del vital l\u00edquido sin embargo, solo se [&hellip;]<\/p>\n","protected":false},"author":5,"featured_media":94463,"comment_status":"open","ping_status":"open","sticky":false,"template":"","format":"standard","meta":{"om_disable_all_campaigns":false,"_monsterinsights_skip_tracking":false,"_monsterinsights_sitenote_active":false,"_monsterinsights_sitenote_note":"","_monsterinsights_sitenote_category":0,"jnews-multi-image_gallery":[],"jnews_single_post":[],"jnews_primary_category":[],"footnotes":""},"categories":[1],"tags":[],"class_list":["post-94462","post","type-post","status-publish","format-standard","has-post-thumbnail","hentry","category-uncategorized"],"aioseo_notices":[],"_links":{"self":[{"href":"https:\/\/estado29.mx\/index.php?rest_route=\/wp\/v2\/posts\/94462","targetHints":{"allow":["GET"]}}],"collection":[{"href":"https:\/\/estado29.mx\/index.php?rest_route=\/wp\/v2\/posts"}],"about":[{"href":"https:\/\/estado29.mx\/index.php?rest_route=\/wp\/v2\/types\/post"}],"author":[{"embeddable":true,"href":"https:\/\/estado29.mx\/index.php?rest_route=\/wp\/v2\/users\/5"}],"replies":[{"embeddable":true,"href":"https:\/\/estado29.mx\/index.php?rest_route=%2Fwp%2Fv2%2Fcomments&post=94462"}],"version-history":[{"count":1,"href":"https:\/\/estado29.mx\/index.php?rest_route=\/wp\/v2\/posts\/94462\/revisions"}],"predecessor-version":[{"id":94464,"href":"https:\/\/estado29.mx\/index.php?rest_route=\/wp\/v2\/posts\/94462\/revisions\/94464"}],"wp:featuredmedia":[{"embeddable":true,"href":"https:\/\/estado29.mx\/index.php?rest_route=\/wp\/v2\/media\/94463"}],"wp:attachment":[{"href":"https:\/\/estado29.mx\/index.php?rest_route=%2Fwp%2Fv2%2Fmedia&parent=94462"}],"wp:term":[{"taxonomy":"category","embeddable":true,"href":"https:\/\/estado29.mx\/index.php?rest_route=%2Fwp%2Fv2%2Fcategories&post=94462"},{"taxonomy":"post_tag","embeddable":true,"href":"https:\/\/estado29.mx\/index.php?rest_route=%2Fwp%2Fv2%2Ftags&post=94462"}],"curies":[{"name":"wp","href":"https:\/\/api.w.org\/{rel}","templated":true}]}}