{"id":94533,"date":"2025-04-01T15:56:48","date_gmt":"2025-04-01T15:56:48","guid":{"rendered":"https:\/\/estado29.mx\/?p=94533"},"modified":"2025-04-01T15:56:51","modified_gmt":"2025-04-01T15:56:51","slug":"deja-colision-de-motocicleta-y-camioneta-dos-personas-lesionadas-en-cuapiaxtla","status":"publish","type":"post","link":"https:\/\/estado29.mx\/?p=94533","title":{"rendered":"Deja colisi\u00f3n de motocicleta y camioneta dos personas lesionadas en Cuapiaxtla."},"content":{"rendered":"\n<p>Paco Ugarte.<\/p>\n\n\n\n<p>La ma\u00f1ana de este martes 1 de abril, la colisi\u00f3n entre una motocicleta y una camioneta particular dej\u00f3 un saldo de dos personas lesionadas sobre la carretera M\u00e9xico &#8211; Veracruz a la altura de la comunidad de Plan de Ayala en Cuapiaxtla.<\/p>\n\n\n\n<p>Al parecer la falta de precauci\u00f3n al momento de circular y la invasi\u00f3n de carril pudo haber sido la causante de este hecho, que dej\u00f3 a un masculino que portaba casco y una mujer que no contaba con las medidas de seguridad lesionados, en cuanto al conductor de la camioneta espero los servicios de emergencia para iniciar con los protocolos correspondientes.<\/p>\n\n\n\n<p>Ambos lesionados fueron valorados por param\u00e9dicos, mientras que elementos de seguridad abanderaron la zona a fin de evitar otro percance.<\/p>\n\n\n\n<p>Por esta raz\u00f3n fue interrumpida la circulaci\u00f3n por algunos minutos a fin de que se realizara el retiro de ambas unidades e iniciar a fincar o deslindar responsabilidades.<\/p>\n","protected":false},"excerpt":{"rendered":"<p>Paco Ugarte. La ma\u00f1ana de este martes 1 de abril, la colisi\u00f3n entre una motocicleta y una camioneta particular dej\u00f3 un saldo de dos personas lesionadas sobre la carretera M\u00e9xico &#8211; Veracruz a la altura de la comunidad de Plan de Ayala en Cuapiaxtla. Al parecer la falta de precauci\u00f3n al momento de circular y [&hellip;]<\/p>\n","protected":false},"author":5,"featured_media":94534,"comment_status":"open","ping_status":"open","sticky":false,"template":"","format":"standard","meta":{"om_disable_all_campaigns":false,"_monsterinsights_skip_tracking":false,"_monsterinsights_sitenote_active":false,"_monsterinsights_sitenote_note":"","_monsterinsights_sitenote_category":0,"jnews-multi-image_gallery":[],"jnews_single_post":[],"jnews_primary_category":[],"footnotes":""},"categories":[1],"tags":[],"class_list":["post-94533","post","type-post","status-publish","format-standard","has-post-thumbnail","hentry","category-uncategorized"],"aioseo_notices":[],"_links":{"self":[{"href":"https:\/\/estado29.mx\/index.php?rest_route=\/wp\/v2\/posts\/94533","targetHints":{"allow":["GET"]}}],"collection":[{"href":"https:\/\/estado29.mx\/index.php?rest_route=\/wp\/v2\/posts"}],"about":[{"href":"https:\/\/estado29.mx\/index.php?rest_route=\/wp\/v2\/types\/post"}],"author":[{"embeddable":true,"href":"https:\/\/estado29.mx\/index.php?rest_route=\/wp\/v2\/users\/5"}],"replies":[{"embeddable":true,"href":"https:\/\/estado29.mx\/index.php?rest_route=%2Fwp%2Fv2%2Fcomments&post=94533"}],"version-history":[{"count":1,"href":"https:\/\/estado29.mx\/index.php?rest_route=\/wp\/v2\/posts\/94533\/revisions"}],"predecessor-version":[{"id":94535,"href":"https:\/\/estado29.mx\/index.php?rest_route=\/wp\/v2\/posts\/94533\/revisions\/94535"}],"wp:featuredmedia":[{"embeddable":true,"href":"https:\/\/estado29.mx\/index.php?rest_route=\/wp\/v2\/media\/94534"}],"wp:attachment":[{"href":"https:\/\/estado29.mx\/index.php?rest_route=%2Fwp%2Fv2%2Fmedia&parent=94533"}],"wp:term":[{"taxonomy":"category","embeddable":true,"href":"https:\/\/estado29.mx\/index.php?rest_route=%2Fwp%2Fv2%2Fcategories&post=94533"},{"taxonomy":"post_tag","embeddable":true,"href":"https:\/\/estado29.mx\/index.php?rest_route=%2Fwp%2Fv2%2Ftags&post=94533"}],"curies":[{"name":"wp","href":"https:\/\/api.w.org\/{rel}","templated":true}]}}