{"id":94545,"date":"2025-04-02T20:13:42","date_gmt":"2025-04-02T20:13:42","guid":{"rendered":"https:\/\/estado29.mx\/?p=94545"},"modified":"2025-04-02T20:13:42","modified_gmt":"2025-04-02T20:13:42","slug":"iniciaran-obras-en-abril-para-huamantla","status":"publish","type":"post","link":"https:\/\/estado29.mx\/?p=94545","title":{"rendered":"Iniciar\u00e1n obras en abril para Huamantla."},"content":{"rendered":"\n<p>Paco Ugarte.<\/p>\n\n\n\n<p>Tania D\u00edaz Flores, Directora de Obras P\u00fablicas y Desarrollo Urbano en Huamantla, dio a conocer que al inicio de este ejercicio fiscal 2025 se ha trabajado para la ejecuci\u00f3n de obras tanto en la cabecera municipal as\u00ed como las 39 comunidades.<\/p>\n\n\n\n<p>Se\u00f1al\u00f3 que han recibido las propuestas hechas por los presidentes de comunidad para priorizar obras de gran relevancia, con ello pasar al proceso de licitaci\u00f3n y aprobaci\u00f3n.<\/p>\n\n\n\n<p>D\u00edaz Flores, expuso que tras el proceso que marca la ley las obras en Huamantla dar\u00e1n inicio a mediados de abril, priorizando drenaje sanitario, alumbrado p\u00fablico y educaci\u00f3n como acciones de primera necesidad y en segundo plano, guarniciones, banquetas, adoquinamiento y otras obras tambi\u00e9n importantes.<\/p>\n","protected":false},"excerpt":{"rendered":"<p>Paco Ugarte. Tania D\u00edaz Flores, Directora de Obras P\u00fablicas y Desarrollo Urbano en Huamantla, dio a conocer que al inicio de este ejercicio fiscal 2025 se ha trabajado para la ejecuci\u00f3n de obras tanto en la cabecera municipal as\u00ed como las 39 comunidades. Se\u00f1al\u00f3 que han recibido las propuestas hechas por los presidentes de comunidad [&hellip;]<\/p>\n","protected":false},"author":5,"featured_media":94547,"comment_status":"open","ping_status":"open","sticky":false,"template":"","format":"standard","meta":{"om_disable_all_campaigns":false,"_monsterinsights_skip_tracking":false,"_monsterinsights_sitenote_active":false,"_monsterinsights_sitenote_note":"","_monsterinsights_sitenote_category":0,"jnews-multi-image_gallery":[],"jnews_single_post":[],"jnews_primary_category":[],"footnotes":""},"categories":[1],"tags":[],"class_list":["post-94545","post","type-post","status-publish","format-standard","has-post-thumbnail","hentry","category-uncategorized"],"aioseo_notices":[],"_links":{"self":[{"href":"https:\/\/estado29.mx\/index.php?rest_route=\/wp\/v2\/posts\/94545","targetHints":{"allow":["GET"]}}],"collection":[{"href":"https:\/\/estado29.mx\/index.php?rest_route=\/wp\/v2\/posts"}],"about":[{"href":"https:\/\/estado29.mx\/index.php?rest_route=\/wp\/v2\/types\/post"}],"author":[{"embeddable":true,"href":"https:\/\/estado29.mx\/index.php?rest_route=\/wp\/v2\/users\/5"}],"replies":[{"embeddable":true,"href":"https:\/\/estado29.mx\/index.php?rest_route=%2Fwp%2Fv2%2Fcomments&post=94545"}],"version-history":[{"count":1,"href":"https:\/\/estado29.mx\/index.php?rest_route=\/wp\/v2\/posts\/94545\/revisions"}],"predecessor-version":[{"id":94548,"href":"https:\/\/estado29.mx\/index.php?rest_route=\/wp\/v2\/posts\/94545\/revisions\/94548"}],"wp:featuredmedia":[{"embeddable":true,"href":"https:\/\/estado29.mx\/index.php?rest_route=\/wp\/v2\/media\/94547"}],"wp:attachment":[{"href":"https:\/\/estado29.mx\/index.php?rest_route=%2Fwp%2Fv2%2Fmedia&parent=94545"}],"wp:term":[{"taxonomy":"category","embeddable":true,"href":"https:\/\/estado29.mx\/index.php?rest_route=%2Fwp%2Fv2%2Fcategories&post=94545"},{"taxonomy":"post_tag","embeddable":true,"href":"https:\/\/estado29.mx\/index.php?rest_route=%2Fwp%2Fv2%2Ftags&post=94545"}],"curies":[{"name":"wp","href":"https:\/\/api.w.org\/{rel}","templated":true}]}}