{"id":94560,"date":"2025-04-03T13:26:01","date_gmt":"2025-04-03T13:26:01","guid":{"rendered":"https:\/\/estado29.mx\/?p=94560"},"modified":"2025-04-03T13:26:01","modified_gmt":"2025-04-03T13:26:01","slug":"invita-cepc-a-participar-en-el-primer-simulacro-nacional-2025","status":"publish","type":"post","link":"https:\/\/estado29.mx\/?p=94560","title":{"rendered":"Invita CEPC a participar en el primer simulacro nacional 2025"},"content":{"rendered":"\n<p><\/p>\n\n\n\n<p>*Con el ejercicio se busca fomentar la cultura de la prevenci\u00f3n; se realizar\u00e1 en las inmediaciones de Palacio de Gobierno el pr\u00f3ximo 29 de abril, a las 11:30 horas<\/p>\n\n\n\n<p>El gobierno del estado, a trav\u00e9s de la Coordinaci\u00f3n Estatal de Protecci\u00f3n Civil (CEPC), invita a la ciudadan\u00eda en general a participar en el Primer Simulacro Nacional 2025, que se llevar\u00e1 a cabo el martes 29 de abril, a las 11:30 horas.<\/p>\n\n\n\n<p>Durante este ejercicio preventivo, se simular\u00e1 un sismo de magnitud 8.1 con epicentro en el golfo de Tehuantepec, Oaxaca, y se tiene prevista la evacuaci\u00f3n de las instalaciones de Palacio de Gobierno, bajo dicha hip\u00f3tesis.<\/p>\n\n\n\n<p>La CEPC convoc\u00f3 a familias, empresas y comunidades a organizar sus unidades internas de Protecci\u00f3n Civil y a registrar sus inmuebles a m\u00e1s tardar el 28 de abril, a las 23:59 horas, en la p\u00e1gina https:\/\/www.preparados.gob.mx\/primersimulacronacional2025.<\/p>\n\n\n\n<p>Este ejercicio permitir\u00e1 verificar y evaluar las rutas de evacuaci\u00f3n, las salidas de emergencia y los puntos de seguridad de cada inmueble registrado, contribuyendo con ello al fortalecimiento del Sistema Nacional de Protecci\u00f3n Civil.<\/p>\n\n\n\n<p>Al finalizar el simulacro, podr\u00e1n obtener una constancia de participaci\u00f3n, la cual ser\u00e1 emitida en la misma plataforma digital donde se registraron los inmuebles.<\/p>\n\n\n\n<p>Con estas acciones, la CEPC refrenda su compromiso de fomentar la cultura de la prevenci\u00f3n, a fin de salvar vidas.<\/p>\n","protected":false},"excerpt":{"rendered":"<p>*Con el ejercicio se busca fomentar la cultura de la prevenci\u00f3n; se realizar\u00e1 en las inmediaciones de Palacio de Gobierno el pr\u00f3ximo 29 de abril, a las 11:30 horas El gobierno del estado, a trav\u00e9s de la Coordinaci\u00f3n Estatal de Protecci\u00f3n Civil (CEPC), invita a la ciudadan\u00eda en general a participar en el Primer Simulacro [&hellip;]<\/p>\n","protected":false},"author":4,"featured_media":94561,"comment_status":"open","ping_status":"open","sticky":false,"template":"","format":"standard","meta":{"om_disable_all_campaigns":false,"_monsterinsights_skip_tracking":false,"_monsterinsights_sitenote_active":false,"_monsterinsights_sitenote_note":"","_monsterinsights_sitenote_category":0,"jnews-multi-image_gallery":[],"jnews_single_post":[],"jnews_primary_category":[],"footnotes":""},"categories":[1],"tags":[],"class_list":["post-94560","post","type-post","status-publish","format-standard","has-post-thumbnail","hentry","category-uncategorized"],"aioseo_notices":[],"_links":{"self":[{"href":"https:\/\/estado29.mx\/index.php?rest_route=\/wp\/v2\/posts\/94560","targetHints":{"allow":["GET"]}}],"collection":[{"href":"https:\/\/estado29.mx\/index.php?rest_route=\/wp\/v2\/posts"}],"about":[{"href":"https:\/\/estado29.mx\/index.php?rest_route=\/wp\/v2\/types\/post"}],"author":[{"embeddable":true,"href":"https:\/\/estado29.mx\/index.php?rest_route=\/wp\/v2\/users\/4"}],"replies":[{"embeddable":true,"href":"https:\/\/estado29.mx\/index.php?rest_route=%2Fwp%2Fv2%2Fcomments&post=94560"}],"version-history":[{"count":2,"href":"https:\/\/estado29.mx\/index.php?rest_route=\/wp\/v2\/posts\/94560\/revisions"}],"predecessor-version":[{"id":94563,"href":"https:\/\/estado29.mx\/index.php?rest_route=\/wp\/v2\/posts\/94560\/revisions\/94563"}],"wp:featuredmedia":[{"embeddable":true,"href":"https:\/\/estado29.mx\/index.php?rest_route=\/wp\/v2\/media\/94561"}],"wp:attachment":[{"href":"https:\/\/estado29.mx\/index.php?rest_route=%2Fwp%2Fv2%2Fmedia&parent=94560"}],"wp:term":[{"taxonomy":"category","embeddable":true,"href":"https:\/\/estado29.mx\/index.php?rest_route=%2Fwp%2Fv2%2Fcategories&post=94560"},{"taxonomy":"post_tag","embeddable":true,"href":"https:\/\/estado29.mx\/index.php?rest_route=%2Fwp%2Fv2%2Ftags&post=94560"}],"curies":[{"name":"wp","href":"https:\/\/api.w.org\/{rel}","templated":true}]}}